{"id":6242,"date":"2020-10-28T15:52:17","date_gmt":"2020-10-28T15:52:17","guid":{"rendered":"https:\/\/www.ekia-cosmetiques.com\/marque\/?p=6242"},"modified":"2020-10-28T15:52:59","modified_gmt":"2020-10-28T15:52:59","slug":"la-criste-marine","status":"publish","type":"post","link":"https:\/\/www.ekia-cosmetiques.com\/marque\/nos-actifs\/la-criste-marine\/","title":{"rendered":"La criste marine"},"content":{"rendered":"\t\t<div data-elementor-type=\"wp-post\" data-elementor-id=\"6242\" class=\"elementor elementor-6242\" data-elementor-post-type=\"post\">\n\t\t\t\t\t\t<section class=\"elementor-section elementor-top-section elementor-element elementor-element-9362bd4 elementor-section-boxed elementor-section-height-default elementor-section-height-default\" data-id=\"9362bd4\" data-element_type=\"section\">\n\t\t\t\t\t\t<div class=\"elementor-container elementor-column-gap-default\">\n\t\t\t\t\t<div class=\"elementor-column elementor-col-100 elementor-top-column elementor-element elementor-element-b6e9aa9\" data-id=\"b6e9aa9\" data-element_type=\"column\">\n\t\t\t<div class=\"elementor-widget-wrap elementor-element-populated\">\n\t\t\t\t\t\t<div class=\"elementor-element elementor-element-5eb7a4f elementor-widget elementor-widget-image\" data-id=\"5eb7a4f\" data-element_type=\"widget\" data-widget_type=\"image.default\">\n\t\t\t\t<div class=\"elementor-widget-container\">\n\t\t\t\t\t\t\t\t\t\t\t\t\t\t\t<img fetchpriority=\"high\" decoding=\"async\" width=\"2560\" height=\"1479\" src=\"https:\/\/www.ekia-cosmetiques.com\/marque\/wp-content\/uploads\/2020\/10\/AdobeStock_375632854-scaled.jpeg\" class=\"attachment-full size-full wp-image-6282\" alt=\"Criste marine\" srcset=\"https:\/\/www.ekia-cosmetiques.com\/marque\/wp-content\/uploads\/2020\/10\/AdobeStock_375632854-scaled.jpeg 2560w, https:\/\/www.ekia-cosmetiques.com\/marque\/wp-content\/uploads\/2020\/10\/AdobeStock_375632854-300x173.jpeg 300w, https:\/\/www.ekia-cosmetiques.com\/marque\/wp-content\/uploads\/2020\/10\/AdobeStock_375632854-1024x592.jpeg 1024w, https:\/\/www.ekia-cosmetiques.com\/marque\/wp-content\/uploads\/2020\/10\/AdobeStock_375632854-768x444.jpeg 768w, https:\/\/www.ekia-cosmetiques.com\/marque\/wp-content\/uploads\/2020\/10\/AdobeStock_375632854-1536x888.jpeg 1536w, https:\/\/www.ekia-cosmetiques.com\/marque\/wp-content\/uploads\/2020\/10\/AdobeStock_375632854-2048x1183.jpeg 2048w\" sizes=\"(max-width: 2560px) 100vw, 2560px\" \/>\t\t\t\t\t\t\t\t\t\t\t\t\t\t\t<\/div>\n\t\t\t\t<\/div>\n\t\t\t\t\t<\/div>\n\t\t<\/div>\n\t\t\t\t\t<\/div>\n\t\t<\/section>\n\t\t\t\t<section class=\"elementor-section elementor-top-section elementor-element elementor-element-951b360 elementor-section-boxed elementor-section-height-default elementor-section-height-default\" data-id=\"951b360\" data-element_type=\"section\">\n\t\t\t\t\t\t<div class=\"elementor-container elementor-column-gap-default\">\n\t\t\t\t\t<div class=\"elementor-column elementor-col-100 elementor-top-column elementor-element elementor-element-8bb0bb0\" data-id=\"8bb0bb0\" data-element_type=\"column\">\n\t\t\t<div class=\"elementor-widget-wrap elementor-element-populated\">\n\t\t\t\t\t\t<div class=\"elementor-element elementor-element-c32a7bb elementor-widget elementor-widget-heading\" data-id=\"c32a7bb\" data-element_type=\"widget\" data-widget_type=\"heading.default\">\n\t\t\t\t<div class=\"elementor-widget-container\">\n\t\t\t\t\t<h2 class=\"elementor-heading-title elementor-size-default\">Origine de la criste marine :<\/h2>\t\t\t\t<\/div>\n\t\t\t\t<\/div>\n\t\t\t\t<div class=\"elementor-element elementor-element-6bfb541 elementor-widget elementor-widget-text-editor\" data-id=\"6bfb541\" data-element_type=\"widget\" data-widget_type=\"text-editor.default\">\n\t\t\t\t<div class=\"elementor-widget-container\">\n\t\t\t\t\t\t\t\t\t<p>La criste marine, fenouil marin ou perce-pierre, prend racine sur les bords de mer m\u00e9diterran\u00e9e ou long de la c\u00f4te Atlantique. Amatrice de roches, c\u2019est une plante \u00ab\u00a0halophyte\u00a0\u00bb\u00a0: ses conditions de vie difficiles, et notamment son exposition \u00e0 de fortes concentrations d\u2019iode ( mais aussi \u00e0 la s\u00e9cheresse et\u00a0 le vent) lui ont permis de d\u00e9velopper une structure mol\u00e9culaire extr\u00eamement solide et particuli\u00e8rement int\u00e9ressante sur le plan biologique.\u00a0 En d\u2019autres termes, c\u2019est une battante\u2026<\/p><p>Sa p\u00e9riode de floraison est relativement longue\u00a0: cette plante vivace se pare de petites fleurs blanches de juillet \u00e0 octobre. Facilement reconnaissable de par ses petits buissons touffus, ses feuilles sont comestibles et peuvent \u00eatre pr\u00e9par\u00e9es de diverses fa\u00e7ons (au vinaigre, cuites, crues, en salade\u2026).<\/p>\t\t\t\t\t\t\t\t<\/div>\n\t\t\t\t<\/div>\n\t\t\t\t<div class=\"elementor-element elementor-element-834ea78 elementor-widget elementor-widget-heading\" data-id=\"834ea78\" data-element_type=\"widget\" data-widget_type=\"heading.default\">\n\t\t\t\t<div class=\"elementor-widget-container\">\n\t\t\t\t\t<h2 class=\"elementor-heading-title elementor-size-default\">Production de la criste marine :<\/h2>\t\t\t\t<\/div>\n\t\t\t\t<\/div>\n\t\t\t\t<div class=\"elementor-element elementor-element-c0139e5 elementor-widget elementor-widget-text-editor\" data-id=\"c0139e5\" data-element_type=\"widget\" data-widget_type=\"text-editor.default\">\n\t\t\t\t<div class=\"elementor-widget-container\">\n\t\t\t\t\t\t\t\t\t<p>Parasite pour certain, c\u2019est une vraie mine d\u2019or pour d\u2019autres. En effet la criste marine a tendance \u00e0 tapisser les falaises de bord de mer mais \u00e9galement les structures portuaires des villes avoisinantes ce qui lui a valu cet autre nom de perce-pierre. Les racines s\u2019immiscent dans les interstices et les \u00e9largissent jusqu\u2019\u00e0 faire m\u00eame \u00e9clater les pierres.\u00a0<\/p><p>Quand elle est r\u00e9colt\u00e9e sur le front marin, dans son biotope naturel, la criste marine est ramass\u00e9e manuellement avec des outils adapt\u00e9s et le pied n\u2019est pas arrach\u00e9 afin de pr\u00e9server la r\u00e9g\u00e9n\u00e9ration du plant.<\/p>\t\t\t\t\t\t\t\t<\/div>\n\t\t\t\t<\/div>\n\t\t\t\t<div class=\"elementor-element elementor-element-101b86a elementor-widget elementor-widget-video\" data-id=\"101b86a\" data-element_type=\"widget\" data-settings=\"{&quot;youtube_url&quot;:&quot;https:\\\/\\\/www.youtube.com\\\/watch?v=yj1pG-zs4B8&quot;,&quot;video_type&quot;:&quot;youtube&quot;,&quot;controls&quot;:&quot;yes&quot;}\" data-widget_type=\"video.default\">\n\t\t\t\t<div class=\"elementor-widget-container\">\n\t\t\t\t\t\t\t<div class=\"elementor-wrapper elementor-open-inline\">\n\t\t\t<div class=\"elementor-video\"><\/div>\t\t<\/div>\n\t\t\t\t\t\t<\/div>\n\t\t\t\t<\/div>\n\t\t\t\t<div class=\"elementor-element elementor-element-94843a8 elementor-widget elementor-widget-heading\" data-id=\"94843a8\" data-element_type=\"widget\" data-widget_type=\"heading.default\">\n\t\t\t\t<div class=\"elementor-widget-container\">\n\t\t\t\t\t<h2 class=\"elementor-heading-title elementor-size-default\">Vertus de la criste marine :<\/h2>\t\t\t\t<\/div>\n\t\t\t\t<\/div>\n\t\t\t\t<section class=\"elementor-section elementor-inner-section elementor-element elementor-element-ed68fcd elementor-section-boxed elementor-section-height-default elementor-section-height-default\" data-id=\"ed68fcd\" data-element_type=\"section\">\n\t\t\t\t\t\t<div class=\"elementor-container elementor-column-gap-default\">\n\t\t\t\t\t<div class=\"elementor-column elementor-col-50 elementor-inner-column elementor-element elementor-element-7127081\" data-id=\"7127081\" data-element_type=\"column\">\n\t\t\t<div class=\"elementor-widget-wrap elementor-element-populated\">\n\t\t\t\t\t\t<div class=\"elementor-element elementor-element-547a559 elementor-widget elementor-widget-text-editor\" data-id=\"547a559\" data-element_type=\"widget\" data-widget_type=\"text-editor.default\">\n\t\t\t\t<div class=\"elementor-widget-container\">\n\t\t\t\t\t\t\t\t\t<p>Largement consomm\u00e9e d\u00e8s le XVI\u00e8me si\u00e8cle, elle \u00e9tait \u00e9galement reconnue pour ses propri\u00e9t\u00e9s m\u00e9dicinales\u00a0: stimulante, drainante, diur\u00e9tique et antiscorbutiques.\u00a0<\/p><p>La criste marine est riche en vitamine C, b\u00eata-carot\u00e8ne, potassium et en iode.<\/p>\t\t\t\t\t\t\t\t<\/div>\n\t\t\t\t<\/div>\n\t\t\t\t\t<\/div>\n\t\t<\/div>\n\t\t\t\t<div class=\"elementor-column elementor-col-50 elementor-inner-column elementor-element elementor-element-5e3f56f\" data-id=\"5e3f56f\" data-element_type=\"column\">\n\t\t\t<div class=\"elementor-widget-wrap elementor-element-populated\">\n\t\t\t\t\t\t<div class=\"elementor-element elementor-element-81c0067 elementor-widget elementor-widget-image\" data-id=\"81c0067\" data-element_type=\"widget\" data-widget_type=\"image.default\">\n\t\t\t\t<div class=\"elementor-widget-container\">\n\t\t\t\t\t\t\t\t\t\t\t\t\t\t\t<img decoding=\"async\" width=\"800\" height=\"470\" src=\"https:\/\/www.ekia-cosmetiques.com\/marque\/wp-content\/uploads\/2020\/10\/AdobeStock_127682114-1024x602.jpeg\" class=\"attachment-large size-large wp-image-6281\" alt=\"Criste marine\" srcset=\"https:\/\/www.ekia-cosmetiques.com\/marque\/wp-content\/uploads\/2020\/10\/AdobeStock_127682114-1024x602.jpeg 1024w, https:\/\/www.ekia-cosmetiques.com\/marque\/wp-content\/uploads\/2020\/10\/AdobeStock_127682114-300x176.jpeg 300w, https:\/\/www.ekia-cosmetiques.com\/marque\/wp-content\/uploads\/2020\/10\/AdobeStock_127682114-768x452.jpeg 768w, https:\/\/www.ekia-cosmetiques.com\/marque\/wp-content\/uploads\/2020\/10\/AdobeStock_127682114-1536x904.jpeg 1536w, https:\/\/www.ekia-cosmetiques.com\/marque\/wp-content\/uploads\/2020\/10\/AdobeStock_127682114-2048x1205.jpeg 2048w\" sizes=\"(max-width: 800px) 100vw, 800px\" \/>\t\t\t\t\t\t\t\t\t\t\t\t\t\t\t<\/div>\n\t\t\t\t<\/div>\n\t\t\t\t\t<\/div>\n\t\t<\/div>\n\t\t\t\t\t<\/div>\n\t\t<\/section>\n\t\t\t\t\t<\/div>\n\t\t<\/div>\n\t\t\t\t\t<\/div>\n\t\t<\/section>\n\t\t\t\t<section class=\"elementor-section elementor-top-section elementor-element elementor-element-5ec1d17 elementor-section-boxed elementor-section-height-default elementor-section-height-default\" data-id=\"5ec1d17\" data-element_type=\"section\">\n\t\t\t\t\t\t<div class=\"elementor-container elementor-column-gap-default\">\n\t\t\t\t\t<div class=\"elementor-column elementor-col-100 elementor-top-column elementor-element elementor-element-0df3d64\" data-id=\"0df3d64\" data-element_type=\"column\">\n\t\t\t<div class=\"elementor-widget-wrap elementor-element-populated\">\n\t\t\t\t\t\t<div class=\"elementor-element elementor-element-bec313d elementor-widget elementor-widget-heading\" data-id=\"bec313d\" data-element_type=\"widget\" data-widget_type=\"heading.default\">\n\t\t\t\t<div class=\"elementor-widget-container\">\n\t\t\t\t\t<h2 class=\"elementor-heading-title elementor-size-default\">Action X de la criste marine dans les soins anti-\u00e2ge Ekia :<\/h2>\t\t\t\t<\/div>\n\t\t\t\t<\/div>\n\t\t\t\t<div class=\"elementor-element elementor-element-f4ecce8 elementor-widget elementor-widget-text-editor\" data-id=\"f4ecce8\" data-element_type=\"widget\" data-widget_type=\"text-editor.default\">\n\t\t\t\t<div class=\"elementor-widget-container\">\n\t\t\t\t\t\t\t\t\t<p>L\u2019extrait brevet\u00e9 de criste marine est compos\u00e9 des cellules souches de la plante, reproduites par biotechnologie en Bretagne. Ces cellules souches de criste marine ont la capacit\u00e9 \u00e0 inhiber la tyrosinase, l\u2019enzyme responsable du d\u00e9r\u00e8glement du m\u00e9lanocyte. Le m\u00e9lanocyte est une cellule situ\u00e9e dans l\u2019\u00e9piderme et le derme qui produit la m\u00e9lanine, responsable de la pigmentation de la peau. Sous l\u2019effet de l\u2019\u00e2ge, de l\u2019exposition solaire, ou des modifications hormonales, cette cellule se d\u00e9r\u00e8gle et produit de la m\u00e9lanine de fa\u00e7on anarchique, d\u2019o\u00f9 l\u2019apparition des taches pigmentaires. \u00a0Bloquer l\u2019enzyme qui provoque ce d\u00e9r\u00e8glement conduit \u00e0 limiter l\u2019apparition des taches.<\/p><p>Les cellules souches de criste marine vont \u00e9galement r\u00e9duire la synth\u00e8se de la m\u00e9lanine et limiter la migration des m\u00e9lanocytes vers la couche corn\u00e9e. Les acides ph\u00e9noliques quant \u00e0 eux vont stimuler la duplication des fibroblastes.<\/p><p>Riche en sel marin, iode et min\u00e9raux, elle illumine le teint en am\u00e9liorant la k\u00e9ratog\u00e9n\u00e8se (remont\u00e9e des k\u00e9ratinocytes \u00e0 la surface de la peau). L\u2019exfoliation naturelle de la peau \u00e9tant am\u00e9lior\u00e9e, le teint est plus frais et plus lumineux.<\/p>\t\t\t\t\t\t\t\t<\/div>\n\t\t\t\t<\/div>\n\t\t\t\t\t<\/div>\n\t\t<\/div>\n\t\t\t\t\t<\/div>\n\t\t<\/section>\n\t\t\t\t<section class=\"elementor-section elementor-top-section elementor-element elementor-element-64c98d7 elementor-section-boxed elementor-section-height-default elementor-section-height-default\" data-id=\"64c98d7\" data-element_type=\"section\">\n\t\t\t\t\t\t<div class=\"elementor-container elementor-column-gap-default\">\n\t\t\t\t\t<div class=\"elementor-column elementor-col-100 elementor-top-column elementor-element elementor-element-4dd4294\" data-id=\"4dd4294\" data-element_type=\"column\">\n\t\t\t<div class=\"elementor-widget-wrap elementor-element-populated\">\n\t\t\t\t\t\t<div class=\"elementor-element elementor-element-3a45c3d elementor-widget elementor-widget-heading\" data-id=\"3a45c3d\" data-element_type=\"widget\" data-widget_type=\"heading.default\">\n\t\t\t\t<div class=\"elementor-widget-container\">\n\t\t\t\t\t<h2 class=\"elementor-heading-title elementor-size-default\">Retrouvez cet actif dans nos produits :<\/h2>\t\t\t\t<\/div>\n\t\t\t\t<\/div>\n\t\t\t\t\t<\/div>\n\t\t<\/div>\n\t\t\t\t\t<\/div>\n\t\t<\/section>\n\t\t\t\t<section class=\"elementor-section elementor-top-section elementor-element elementor-element-4430e67 elementor-section-boxed elementor-section-height-default elementor-section-height-default\" data-id=\"4430e67\" data-element_type=\"section\">\n\t\t\t\t\t\t<div class=\"elementor-container elementor-column-gap-default\">\n\t\t\t\t\t<div class=\"elementor-column elementor-col-33 elementor-top-column elementor-element elementor-element-b60c4d7\" data-id=\"b60c4d7\" data-element_type=\"column\">\n\t\t\t<div class=\"elementor-widget-wrap elementor-element-populated\">\n\t\t\t\t\t\t<div class=\"elementor-element elementor-element-1c6de3d elementor-cta--skin-classic elementor-animated-content elementor-bg-transform elementor-bg-transform-zoom-in elementor-widget elementor-widget-call-to-action\" data-id=\"1c6de3d\" data-element_type=\"widget\" data-widget_type=\"call-to-action.default\">\n\t\t\t\t<div class=\"elementor-widget-container\">\n\t\t\t\t\t\t\t<div class=\"elementor-cta\">\n\t\t\t\t\t<div class=\"elementor-cta__bg-wrapper\">\n\t\t\t\t<div class=\"elementor-cta__bg elementor-bg\" style=\"background-image: url(https:\/\/www.ekia-cosmetiques.com\/marque\/wp-content\/uploads\/2020\/10\/Ekia-Creme-Initiale-50-ml-1024x1024.jpg);\" role=\"img\" aria-label=\"Ekia - Creme Initiale 50 ml\"><\/div>\n\t\t\t\t<div class=\"elementor-cta__bg-overlay\"><\/div>\n\t\t\t<\/div>\n\t\t\t\t\t\t\t<div class=\"elementor-cta__content\">\n\t\t\t\t\n\t\t\t\t\t\t\t\t\t<h2 class=\"elementor-cta__title elementor-cta__content-item elementor-content-item\">\n\t\t\t\t\t\tcr\u00e8me initiale\t\t\t\t\t<\/h2>\n\t\t\t\t\n\t\t\t\t\t\t\t\t\t<div class=\"elementor-cta__description elementor-cta__content-item elementor-content-item\">\n\t\t\t\t\t\tPEAUX MATURES PR\u00c9SERV\u00c9ES\t\t\t\t\t<\/div>\n\t\t\t\t\n\t\t\t\t\t\t\t\t\t<div class=\"elementor-cta__button-wrapper elementor-cta__content-item elementor-content-item \">\n\t\t\t\t\t<a class=\"elementor-cta__button elementor-button elementor-size-\" href=\"https:\/\/www.ekia-cosmetiques.com\/fr\/23-99-creme-initiale.html#\/26-contenance-50_ml\">\n\t\t\t\t\t\tD\u00e9couvrir\t\t\t\t\t<\/a>\n\t\t\t\t\t<\/div>\n\t\t\t\t\t\t\t<\/div>\n\t\t\t\t\t\t<\/div>\n\t\t\t\t\t\t<\/div>\n\t\t\t\t<\/div>\n\t\t\t\t\t<\/div>\n\t\t<\/div>\n\t\t\t\t<div class=\"elementor-column elementor-col-33 elementor-top-column elementor-element elementor-element-25a15f1\" data-id=\"25a15f1\" data-element_type=\"column\">\n\t\t\t<div class=\"elementor-widget-wrap elementor-element-populated\">\n\t\t\t\t\t\t<div class=\"elementor-element elementor-element-ed9b95a elementor-cta--skin-classic elementor-animated-content elementor-bg-transform elementor-bg-transform-zoom-in elementor-widget elementor-widget-call-to-action\" data-id=\"ed9b95a\" data-element_type=\"widget\" data-widget_type=\"call-to-action.default\">\n\t\t\t\t<div class=\"elementor-widget-container\">\n\t\t\t\t\t\t\t<div class=\"elementor-cta\">\n\t\t\t\t\t<div class=\"elementor-cta__bg-wrapper\">\n\t\t\t\t<div class=\"elementor-cta__bg elementor-bg\" style=\"background-image: url(https:\/\/www.ekia-cosmetiques.com\/marque\/wp-content\/uploads\/2020\/10\/Ekia-Creme-Intense-50-ml-1024x1024.jpg);\" role=\"img\" aria-label=\"Ekia - Cr\u00e8me Intense 50 ml\"><\/div>\n\t\t\t\t<div class=\"elementor-cta__bg-overlay\"><\/div>\n\t\t\t<\/div>\n\t\t\t\t\t\t\t<div class=\"elementor-cta__content\">\n\t\t\t\t\n\t\t\t\t\t\t\t\t\t<h2 class=\"elementor-cta__title elementor-cta__content-item elementor-content-item\">\n\t\t\t\t\t\tcr\u00e8me intense\t\t\t\t\t<\/h2>\n\t\t\t\t\n\t\t\t\t\t\t\t\t\t<div class=\"elementor-cta__description elementor-cta__content-item elementor-content-item\">\n\t\t\t\t\t\tPEAUX MATURES FRAGILIS\u00c9ES\t\t\t\t\t<\/div>\n\t\t\t\t\n\t\t\t\t\t\t\t\t\t<div class=\"elementor-cta__button-wrapper elementor-cta__content-item elementor-content-item \">\n\t\t\t\t\t<a class=\"elementor-cta__button elementor-button elementor-size-\" href=\"https:\/\/www.ekia-cosmetiques.com\/fr\/24-94-creme-intense.html#\/26-contenance-50_ml\">\n\t\t\t\t\t\tD\u00e9couvrir\t\t\t\t\t<\/a>\n\t\t\t\t\t<\/div>\n\t\t\t\t\t\t\t<\/div>\n\t\t\t\t\t\t<\/div>\n\t\t\t\t\t\t<\/div>\n\t\t\t\t<\/div>\n\t\t\t\t\t<\/div>\n\t\t<\/div>\n\t\t\t\t<div class=\"elementor-column elementor-col-33 elementor-top-column elementor-element elementor-element-7dba296\" data-id=\"7dba296\" data-element_type=\"column\">\n\t\t\t<div class=\"elementor-widget-wrap elementor-element-populated\">\n\t\t\t\t\t\t<div class=\"elementor-element elementor-element-d8a8709 elementor-cta--skin-classic elementor-animated-content elementor-bg-transform elementor-bg-transform-zoom-in elementor-widget elementor-widget-call-to-action\" data-id=\"d8a8709\" data-element_type=\"widget\" data-widget_type=\"call-to-action.default\">\n\t\t\t\t<div class=\"elementor-widget-container\">\n\t\t\t\t\t\t\t<div class=\"elementor-cta\">\n\t\t\t\t\t<div class=\"elementor-cta__bg-wrapper\">\n\t\t\t\t<div class=\"elementor-cta__bg elementor-bg\" style=\"background-image: url(https:\/\/www.ekia-cosmetiques.com\/marque\/wp-content\/uploads\/2020\/10\/Ekia-Creme-Extreme-50-ml-1024x1024.jpg);\" role=\"img\" aria-label=\"Ekia - Creme Extreme 50 ml\"><\/div>\n\t\t\t\t<div class=\"elementor-cta__bg-overlay\"><\/div>\n\t\t\t<\/div>\n\t\t\t\t\t\t\t<div class=\"elementor-cta__content\">\n\t\t\t\t\n\t\t\t\t\t\t\t\t\t<h2 class=\"elementor-cta__title elementor-cta__content-item elementor-content-item\">\n\t\t\t\t\t\tcr\u00e8me Extr\u00eame\t\t\t\t\t<\/h2>\n\t\t\t\t\n\t\t\t\t\t\t\t\t\t<div class=\"elementor-cta__description elementor-cta__content-item elementor-content-item\">\n\t\t\t\t\t\tPEAUX MATURES CARENC\u00c9ES\t\t\t\t\t<\/div>\n\t\t\t\t\n\t\t\t\t\t\t\t\t\t<div class=\"elementor-cta__button-wrapper elementor-cta__content-item elementor-content-item \">\n\t\t\t\t\t<a class=\"elementor-cta__button elementor-button elementor-size-\" href=\"https:\/\/www.ekia-cosmetiques.com\/fr\/25-80-creme-extreme.html#\/26-contenance-50_ml\">\n\t\t\t\t\t\tD\u00e9couvrir\t\t\t\t\t<\/a>\n\t\t\t\t\t<\/div>\n\t\t\t\t\t\t\t<\/div>\n\t\t\t\t\t\t<\/div>\n\t\t\t\t\t\t<\/div>\n\t\t\t\t<\/div>\n\t\t\t\t\t<\/div>\n\t\t<\/div>\n\t\t\t\t\t<\/div>\n\t\t<\/section>\n\t\t\t\t<\/div>\n\t\t","protected":false},"excerpt":{"rendered":"<p>Origine de la criste marine : La criste marine, fenouil marin ou perce-pierre, prend racine sur les bords de mer m\u00e9diterran\u00e9e ou long de la c\u00f4te Atlantique. Amatrice de roches, c\u2019est une plante \u00ab\u00a0halophyte\u00a0\u00bb\u00a0: ses conditions de vie difficiles, et notamment son exposition \u00e0 de fortes concentrations d\u2019iode ( mais aussi \u00e0 la s\u00e9cheresse et\u00a0 [&hellip;]<\/p>\n","protected":false},"author":4,"featured_media":6282,"comment_status":"open","ping_status":"open","sticky":false,"template":"","format":"standard","meta":{"_acf_changed":false,"_seopress_robots_primary_cat":"none","_seopress_titles_title":"La criste marine - Ekia cosm\u00e9tiques","_seopress_titles_desc":"Son origine, son mode de production, ses vertus et ses actions sur la peau : d\u00e9couvrez les bienfaits de la criste marine.","_seopress_robots_index":"","footnotes":""},"categories":[116],"tags":[],"class_list":["post-6242","post","type-post","status-publish","format-standard","has-post-thumbnail","hentry","category-nos-actifs"],"acf":[],"_links":{"self":[{"href":"https:\/\/www.ekia-cosmetiques.com\/marque\/wp-json\/wp\/v2\/posts\/6242","targetHints":{"allow":["GET"]}}],"collection":[{"href":"https:\/\/www.ekia-cosmetiques.com\/marque\/wp-json\/wp\/v2\/posts"}],"about":[{"href":"https:\/\/www.ekia-cosmetiques.com\/marque\/wp-json\/wp\/v2\/types\/post"}],"author":[{"embeddable":true,"href":"https:\/\/www.ekia-cosmetiques.com\/marque\/wp-json\/wp\/v2\/users\/4"}],"replies":[{"embeddable":true,"href":"https:\/\/www.ekia-cosmetiques.com\/marque\/wp-json\/wp\/v2\/comments?post=6242"}],"version-history":[{"count":5,"href":"https:\/\/www.ekia-cosmetiques.com\/marque\/wp-json\/wp\/v2\/posts\/6242\/revisions"}],"predecessor-version":[{"id":6289,"href":"https:\/\/www.ekia-cosmetiques.com\/marque\/wp-json\/wp\/v2\/posts\/6242\/revisions\/6289"}],"wp:featuredmedia":[{"embeddable":true,"href":"https:\/\/www.ekia-cosmetiques.com\/marque\/wp-json\/wp\/v2\/media\/6282"}],"wp:attachment":[{"href":"https:\/\/www.ekia-cosmetiques.com\/marque\/wp-json\/wp\/v2\/media?parent=6242"}],"wp:term":[{"taxonomy":"category","embeddable":true,"href":"https:\/\/www.ekia-cosmetiques.com\/marque\/wp-json\/wp\/v2\/categories?post=6242"},{"taxonomy":"post_tag","embeddable":true,"href":"https:\/\/www.ekia-cosmetiques.com\/marque\/wp-json\/wp\/v2\/tags?post=6242"}],"curies":[{"name":"wp","href":"https:\/\/api.w.org\/{rel}","templated":true}]}}