{"id":201,"date":"2011-05-23T11:57:28","date_gmt":"2011-05-23T09:57:28","guid":{"rendered":"http:\/\/ekiacosmetiques.wordpress.com\/?p=201"},"modified":"2019-11-26T08:45:53","modified_gmt":"2019-11-26T08:45:53","slug":"innovation-ekia-les-demaquillants","status":"publish","type":"post","link":"https:\/\/www.ekia-cosmetiques.com\/marque\/beaute-au-quotidien\/innovation-ekia-les-demaquillants\/","title":{"rendered":"Innovation Ekia: Les d\u00e9maquillants+"},"content":{"rendered":"<p>V\u00e9ritable rituel, le d\u00e9maquillage aspire \u00e0 \u00eatre soign\u00e9 et quotidien pour optimiser la r\u00e9g\u00e9n\u00e9ration de la peau. Le matin, le d\u00e9maquillage permet d\u2019\u00e9liminer le s\u00e9bum et la sueur accumul\u00e9s tout au long de la nuit. Le soir, il permet de retirer le maquillage ainsi que les impuret\u00e9s amass\u00e9es pendant la journ\u00e9e.<br \/>\nPuisque ce sont des soins qu\u2019on utilise quotidiennement, pourquoi ne pas agir sur les signes de l\u2019\u00e2ge d\u00e8s cette \u00e9tape de beaut\u00e9 ?<br \/>\nC\u2019est en r\u00e9ponse \u00e0 cette question que nous lan\u00e7ons aujourd\u2019hui notre nouvelle gamme de soins d\u00e9maquillants : les D\u00e9maquillants <img decoding=\"async\" class=\"alignnone size-full wp-image-206\" title=\"Ekia+vert383-2011-03-01\" src=\"https:\/\/www.ekia-cosmetiques.com\/marque\/wp-content\/uploads\/2011\/05\/ekiavert383-2011-03-01.gif\" alt=\"\" width=\"12\" height=\"12\" \/>, qui, en plus de d\u00e9maquiller et nettoyer la peau efficacement, int\u00e8gre des actifs r\u00e9g\u00e9n\u00e9rants pour une premi\u00e8re action anti-\u00e2ge.<\/p>\n<p><img fetchpriority=\"high\" decoding=\"async\" class=\"aligncenter size-medium wp-image-202\" title=\"Gamme LD\" src=\"https:\/\/www.ekia-cosmetiques.com\/marque\/wp-content\/uploads\/2011\/05\/gamme-ld.jpg?w=214\" alt=\"\" width=\"214\" height=\"300\" srcset=\"https:\/\/www.ekia-cosmetiques.com\/marque\/wp-content\/uploads\/2011\/05\/gamme-ld.jpg 650w, https:\/\/www.ekia-cosmetiques.com\/marque\/wp-content\/uploads\/2011\/05\/gamme-ld-215x300.jpg 215w\" sizes=\"(max-width: 214px) 100vw, 214px\" \/><\/p>\n<p><strong>Qu\u2019est-ce que c\u2019est ?<\/strong><\/p>\n<p>Une gamme de d\u00e9maquillants soins, compos\u00e9e de trois produits :<br \/>\n&#8211; Lait Velout\u00e9 : D\u00e9maquille, Nettoie\u00a0<a href=\"https:\/\/www.ekia-cosmetiques.com\/marque\/wp-content\/uploads\/2011\/05\/ekiavert383-2011-03-01.gif\"><img decoding=\"async\" class=\"alignnone size-full wp-image-206\" title=\"Ekia+vert383-2011-03-01\" src=\"https:\/\/www.ekia-cosmetiques.com\/marque\/wp-content\/uploads\/2011\/05\/ekiavert383-2011-03-01.gif\" alt=\"\" width=\"12\" height=\"12\" \/><\/a> Apaise<br \/>\n&#8211; Lotion R\u00e9g\u00e9n\u00e9rante : Tonifie\u00a0<a href=\"https:\/\/www.ekia-cosmetiques.com\/marque\/wp-content\/uploads\/2011\/05\/ekiavert383-2011-03-01.gif\"><img decoding=\"async\" class=\"alignnone size-full wp-image-206\" title=\"Ekia+vert383-2011-03-01\" src=\"https:\/\/www.ekia-cosmetiques.com\/marque\/wp-content\/uploads\/2011\/05\/ekiavert383-2011-03-01.gif\" alt=\"\" width=\"12\" height=\"12\" \/><\/a> Hydrate, Lisse, Illumine et Raffermit<br \/>\n&#8211; Eau Micellaire Eclat : D\u00e9maquille, Nettoie\u00a0<a href=\"https:\/\/www.ekia-cosmetiques.com\/marque\/wp-content\/uploads\/2011\/05\/ekiavert383-2011-03-01.gif\"><img decoding=\"async\" class=\"alignnone size-full wp-image-206\" title=\"Ekia+vert383-2011-03-01\" src=\"https:\/\/www.ekia-cosmetiques.com\/marque\/wp-content\/uploads\/2011\/05\/ekiavert383-2011-03-01.gif\" alt=\"\" width=\"12\" height=\"12\" \/><\/a> Illumine et D\u00e9froisse<br \/>\n&#8211; Et un quatri\u00e8me produit : l\u2019huile fondante, qui sortira d\u00e9but juin !<\/p>\n<p><strong>Pour qui ?<\/strong><\/p>\n<p>Toutes les femmes, maquill\u00e9es ou non.<\/p>\n<p><strong>Comment sont-ils formul\u00e9s ?<\/strong><\/p>\n<p>Une formulation technique et rare :<\/p>\n<p>1- A la base de ces d\u00e9maquillants soins, <span style=\"color: #999900;\"><strong>une association d\u2019eaux v\u00e9g\u00e9tales<\/strong><\/span> :<br \/>\n&#8211; Une eau de Guarana r\u00e9alis\u00e9e sur mesure : elle tonifie et d\u00e9congestionne visage et\u00a0\u00a0\u00a0 yeux.<br \/>\n&#8211; Jus d\u2019Alo\u00e9 Vera : hydratant, il p\u00e9n\u00e8tre en profondeur.<\/p>\n<p>2- Un complexe <span style=\"color: #999900;\"><strong>Anti-Age apaisant<\/strong><\/span> : l\u2019association de la S\u00e8ve de Sangre Del Drago, l\u2019extrait d\u2019a\u00e7a\u00ef et de candela, permet \u00e0 la fois d\u2019apaiser la peau, de r\u00e9g\u00e9n\u00e9rer les cellules et de limiter l\u2019acc\u00e9l\u00e9ration des rides du visage.<\/p>\n<p>3- Ainsi qu\u2019un <span style=\"color: #999900;\"><strong>complexe d\u2019actifs pour chaque d\u00e9maquillant<\/strong><\/span> :<br \/>\n&#8211; Lait Velout\u00e9 : combinaison d\u2019huiles v\u00e9g\u00e9tales d\u2019Amazonie (Andiroba, Pracaxi, Noix du Br\u00e9sil et Cupuacu), des huiles reconstituantes de cellules, nutritives et anti radicalaire.<\/p>\n<p>&#8211; Lotion R\u00e9g\u00e9n\u00e9rante : de l\u2019acide hyaluronique naturel qui p\u00e9n\u00e8tre en profondeur la structure cutan\u00e9e, de l\u2019Eau de Criste Marine qui illumine le visage, un extrait de Bourgeons de H\u00eatre pour lisser et un extrait d\u2019Hibicus, qui raffermit la peau en profondeur en renfor\u00e7ant le matelas dermique.<\/p>\n<p>&#8211; Eau Micellaire Eclat : de l\u2019acide hyaluronique naturel qui p\u00e9n\u00e8tre en profondeur la structure cutan\u00e9e et ainsi renforcer sa coh\u00e9sion, de l\u2019Eau de Criste Marine qui illumine le visage et un extrait de Polysaccarides et de Gomme d\u2019Acacia pour d\u00e9froisser la peau et notamment la ride du sommeil.<\/p>\n<p><strong>Comment les utiliser ?<\/strong><\/p>\n<p>Matin et soir, ils s\u2019appliquent par mouvements lissants du bout des doigts ou avec un coton, sur l\u2019ensemble du visage et du cou, de l\u2019int\u00e9rieur vers l\u2019ext\u00e9rieur. Une fois le rituel de d\u00e9maquillage effectu\u00e9, on applique le soin Ekia anti-\u00e2ge d\u00e9di\u00e9. Ils sont compl\u00e9mentaires aux autres produits de la marque, pour cr\u00e9er une v\u00e9ritable action anti-\u00e2ge en continu.<\/p>\n<p><strong>A quel prix ?<\/strong><\/p>\n<ul>\n<li><a style=\"color: #999900;\" title=\"Lait Velout\u00e9\" href=\"https:\/\/www.ekia-cosmetiques.com\/fr\/32-76-lait-veloute.html#\/28-contenance-150_ml\" target=\"_blank\" rel=\"noopener noreferrer\">Lait Velout\u00e9<\/a> : 21\u20ac &#8211; 150ml<\/li>\n<li><a style=\"color: #999900;\" title=\"Lotion r\u00e9g\u00e9n\u00e9rante\" href=\"https:\/\/www.ekia-cosmetiques.com\/fr\/33-77-lotion-regenerante.html#\/28-contenance-150_ml\" target=\"_blank\" rel=\"noopener noreferrer\">Lotion R\u00e9g\u00e9n\u00e9rante <\/a>: 22\u20ac &#8211; 150ml<\/li>\n<li><a style=\"color: #999900;\" title=\"Eau Micellaire Eclat\" href=\"https:\/\/www.ekia-cosmetiques.com\/fr\/34-102-eau-micellaire-eclat.html#\/28-contenance-150_ml\" target=\"_blank\" rel=\"noopener noreferrer\">Eau Micellaire \u00c9clat<\/a> : 19\u20ac &#8211; 150ml<\/li>\n<li><a style=\"color: #999900;\" href=\"https:\/\/www.ekia-cosmetiques.com\/fr\/35-101-huile-fondante.html#\/28-contenance-150_ml\">L&rsquo;huile fondante<\/a> : 25\u20ac &#8211; 150ml<\/li>\n<\/ul>\n<p><strong>O\u00f9 les trouver ?<\/strong><br \/>\nChez tous <a style=\"color: #999900;\" title=\"Points de vente\" href=\"https:\/\/www.ekia-cosmetiques.com\/fr\/magasins\" target=\"_blank\" rel=\"noopener noreferrer\">nos distributeurs<\/a> ou sur<a style=\"color: #999900;\" title=\"Boutique\" href=\"https:\/\/www.ekia-cosmetiques.com\/fr\/\" target=\"_blank\" rel=\"noopener noreferrer\"> notre site internet<\/a> o\u00f9 vous pourrez profiter de son offre de lancement : frais de port offert jusqu\u2019au 31 Mai !<\/p>\n<p><a style=\"color: #999900;\" href=\"https:\/\/www.ekia-cosmetiques.com\/marque\/conseils-beaute\/les-rituels-de-demaquillage-ekia\/\">Prochainement d\u00e9couvrez votre rituel de d\u00e9maquillage!<\/a><\/p>\n","protected":false},"excerpt":{"rendered":"<p>V\u00e9ritable rituel, le d\u00e9maquillage aspire \u00e0 \u00eatre soign\u00e9 et quotidien pour optimiser la r\u00e9g\u00e9n\u00e9ration de la peau. Le matin, le d\u00e9maquillage permet d\u2019\u00e9liminer le s\u00e9bum et la sueur accumul\u00e9s tout au long de la nuit. Le soir, il permet de retirer le maquillage ainsi que les impuret\u00e9s amass\u00e9es pendant la journ\u00e9e. Puisque ce sont des [&hellip;]<\/p>\n","protected":false},"author":4,"featured_media":764,"comment_status":"open","ping_status":"open","sticky":false,"template":"","format":"standard","meta":{"_acf_changed":false,"_seopress_robots_primary_cat":"none","_seopress_titles_title":"","_seopress_titles_desc":"","_seopress_robots_index":"","footnotes":""},"categories":[7],"tags":[38,13],"class_list":["post-201","post","type-post","status-publish","format-standard","has-post-thumbnail","hentry","category-beaute-au-quotidien","tag-demaquillants","tag-la-marque-ekia"],"acf":[],"_links":{"self":[{"href":"https:\/\/www.ekia-cosmetiques.com\/marque\/wp-json\/wp\/v2\/posts\/201","targetHints":{"allow":["GET"]}}],"collection":[{"href":"https:\/\/www.ekia-cosmetiques.com\/marque\/wp-json\/wp\/v2\/posts"}],"about":[{"href":"https:\/\/www.ekia-cosmetiques.com\/marque\/wp-json\/wp\/v2\/types\/post"}],"author":[{"embeddable":true,"href":"https:\/\/www.ekia-cosmetiques.com\/marque\/wp-json\/wp\/v2\/users\/4"}],"replies":[{"embeddable":true,"href":"https:\/\/www.ekia-cosmetiques.com\/marque\/wp-json\/wp\/v2\/comments?post=201"}],"version-history":[{"count":3,"href":"https:\/\/www.ekia-cosmetiques.com\/marque\/wp-json\/wp\/v2\/posts\/201\/revisions"}],"predecessor-version":[{"id":1827,"href":"https:\/\/www.ekia-cosmetiques.com\/marque\/wp-json\/wp\/v2\/posts\/201\/revisions\/1827"}],"wp:featuredmedia":[{"embeddable":true,"href":"https:\/\/www.ekia-cosmetiques.com\/marque\/wp-json\/wp\/v2\/media\/764"}],"wp:attachment":[{"href":"https:\/\/www.ekia-cosmetiques.com\/marque\/wp-json\/wp\/v2\/media?parent=201"}],"wp:term":[{"taxonomy":"category","embeddable":true,"href":"https:\/\/www.ekia-cosmetiques.com\/marque\/wp-json\/wp\/v2\/categories?post=201"},{"taxonomy":"post_tag","embeddable":true,"href":"https:\/\/www.ekia-cosmetiques.com\/marque\/wp-json\/wp\/v2\/tags?post=201"}],"curies":[{"name":"wp","href":"https:\/\/api.w.org\/{rel}","templated":true}]}}