{"id":1875,"date":"2019-11-26T15:10:43","date_gmt":"2019-11-26T15:10:43","guid":{"rendered":"https:\/\/www.ekia-cosmetiques.com\/marque\/?p=1875"},"modified":"2022-03-15T15:41:01","modified_gmt":"2022-03-15T15:41:01","slug":"comment-optimiser-votre-routine-de-soin-focus-routine-peaux-matures","status":"publish","type":"post","link":"https:\/\/www.ekia-cosmetiques.com\/marque\/beaute-au-quotidien\/comment-optimiser-votre-routine-de-soin-focus-routine-peaux-matures\/","title":{"rendered":"Comment optimiser votre routine de soin ? Focus routine peaux matures"},"content":{"rendered":"<p>&nbsp;<\/p>\n<p><img fetchpriority=\"high\" decoding=\"async\" class=\"alignleft wp-image-1888 size-medium\" title=\"Routine Peaux Matures - Ekia Cosm\u00e9tiques\" src=\"https:\/\/www.ekia-cosmetiques.com\/marque\/wp-content\/uploads\/2019\/11\/RoutinePeauxMatures-1-300x208.jpg\" alt=\"Routine Peaux Matures - Ekia Cosm\u00e9tiques\" width=\"300\" height=\"208\" srcset=\"https:\/\/www.ekia-cosmetiques.com\/marque\/wp-content\/uploads\/2019\/11\/RoutinePeauxMatures-1-300x208.jpg 300w, https:\/\/www.ekia-cosmetiques.com\/marque\/wp-content\/uploads\/2019\/11\/RoutinePeauxMatures-1-1024x709.jpg 1024w, https:\/\/www.ekia-cosmetiques.com\/marque\/wp-content\/uploads\/2019\/11\/RoutinePeauxMatures-1-768x532.jpg 768w, https:\/\/www.ekia-cosmetiques.com\/marque\/wp-content\/uploads\/2019\/11\/RoutinePeauxMatures-1.jpg 1083w\" sizes=\"(max-width: 300px) 100vw, 300px\" \/><\/p>\n<p>Une bonne hygi\u00e8ne de vie cela passe bien s\u00fbr par une alimentation saine, une activit\u00e9 physique r\u00e9guli\u00e8re mais aussi une bonne routine de soin pour bien prendre soin de sa peau.<\/p>\n<p>Apr\u00e8s avoir d\u00e9couvert comment <a style=\"color: #999900;\" href=\"https:\/\/www.ekia-cosmetiques.com\/marque\/conseils-beaute\/comment-optimiser-votre-routine-de-soin-focus-routine-eclat\/\" target=\"_blank\" rel=\"noopener noreferrer\">optimiser sa routine de soin \u00e9clat<\/a>, et sa <a style=\"color: #999900;\" href=\"https:\/\/www.ekia-cosmetiques.com\/marque\/conseils-beaute\/comment-optimiser-votre-routine-de-soin-focus-routine-fermete\/\" target=\"_blank\" rel=\"noopener noreferrer\">routine fermet\u00e9<\/a>, d\u00e9couvrons comment rendre plus efficace sa routine sp\u00e9ciale peaux matures.<\/p>\n<p>Une routine fermet\u00e9 permet de\u00a0lifter imm\u00e9diatement et raffermir durablement la peau.<\/p>\n<p>&nbsp;<\/p>\n<p>&nbsp;<\/p>\n<h2 style=\"color: #999900;\">Conseils de Gestes d\u2019automassage :<\/h2>\n<p>Effectuer 3 minutes de gymnastique faciale tous les jours renforce l\u2019action des soins, particuli\u00e8rement pour une action sur le rel\u00e2chement cutan\u00e9.<\/p>\n<h3 style=\"color: #999900;\">Bas du visage : 3 exercices<\/h3>\n<table>\n<tbody>\n<tr>\n<td rowspan=\"2\" width=\"15%\"><img decoding=\"async\" class=\"aligncenter\" title=\"Exercice cou et visage - Ekia Cosmetiques\" src=\"https:\/\/www.ekia-cosmetiques.com\/marque\/wp-content\/uploads\/2019\/11\/Image1.png\" alt=\"Cou et visage\" width=\"148\" height=\"210\" \/><\/td>\n<td><b>Objectif <\/b>: Faire travailler la m\u00e2choire inf\u00e9rieure et le menton jusqu\u2019aux pectoraux. Le but est de tendre ce muscle au maximum.<\/td>\n<\/tr>\n<tr>\n<td><b>M\u00e9thode <\/b>:\u00a0 Entrouvrez la bouche et forcez sur le bas du visage (pousser les coins des l\u00e8vres vers le bas). Vous devez voir les ligaments du cou saillir sous la peau.\u00a0 Maintenez 7 sec, r\u00e9p\u00e9ter 10 fois.<\/td>\n<\/tr>\n<\/tbody>\n<\/table>\n<p>&nbsp;<\/p>\n<table>\n<tbody>\n<tr>\n<td rowspan=\"2\" width=\"15%\"><img decoding=\"async\" class=\"aligncenter wp-image-1842\" title=\"Exercice bas du visage - Ekia Cosmetiques\" src=\"https:\/\/www.ekia-cosmetiques.com\/marque\/wp-content\/uploads\/2019\/11\/Image2.png\" alt=\"Bas du visage\" width=\"205\" height=\"273\" \/><\/td>\n<td><b>Objectif <\/b>: Renforcer l\u2019ovale du visage et r\u00e9duire le double menton.<\/td>\n<\/tr>\n<tr>\n<td><b>M\u00e9thode <\/b>: Ouvrez la bouche de profil. Placer le poing sous le menton et essayer de repousser le poing en ouvrant la m\u00e2choire. Maintenez 10 sec, r\u00e9p\u00e9ter 10 fois.<\/td>\n<\/tr>\n<\/tbody>\n<\/table>\n<p>&nbsp;<\/p>\n<table style=\"height: 263px;\" width=\"1373\">\n<tbody>\n<tr>\n<td rowspan=\"2\" width=\"15%\"><img loading=\"lazy\" decoding=\"async\" class=\"aligncenter wp-image-1865 size-full\" title=\"Exercice contour des l\u00e8vres - Ekia Cosmetiques\" src=\"https:\/\/www.ekia-cosmetiques.com\/marque\/wp-content\/uploads\/2019\/11\/levres.png\" alt=\"Exercice contour des l\u00e8vres - Ekia Cosmetiques\" width=\"181\" height=\"231\" \/><\/td>\n<td><b>Objectif <\/b>: Rendre les l\u00e8vres plus charnues<\/td>\n<\/tr>\n<tr>\n<td><b>M\u00e9thode <\/b>: Pressez les l\u00e8vres comme si vous vouliez donner un baiser en les poussant vers l\u2019avant exag\u00e9r\u00e9ment. Maintenez 10 sec, r\u00e9p\u00e9tez 10 fois.<\/td>\n<\/tr>\n<\/tbody>\n<\/table>\n<h3 style=\"color: #999900;\">Milieu du visage : 2 exercices<\/h3>\n<table style=\"height: 208px;\" width=\"1370\">\n<tbody>\n<tr>\n<td rowspan=\"2\" width=\"15%\"><img loading=\"lazy\" decoding=\"async\" class=\"aligncenter wp-image-1843\" title=\"Exercice milieu du visage - Ekia Cosmetiques \" src=\"https:\/\/www.ekia-cosmetiques.com\/marque\/wp-content\/uploads\/2019\/11\/Image3.png\" alt=\"Exercice milieu du visage - Ekia Cosmetiques \" width=\"201\" height=\"253\" \/><\/td>\n<td><strong>Objectif\u00a0<\/strong>: Travailler une pommette haute et ferme. Remonter les traits.<\/td>\n<\/tr>\n<tr>\n<td><b>M\u00e9thode <\/b>: Faites un sourire forc\u00e9 en relevant les coins externes le plus possible. Maintenez 10 sec, r\u00e9p\u00e9tez10 fois.<\/td>\n<\/tr>\n<\/tbody>\n<\/table>\n<p>&nbsp;<\/p>\n<table style=\"height: 264px;\" width=\"1367\">\n<tbody>\n<tr>\n<td rowspan=\"2\" width=\"15%\"><img loading=\"lazy\" decoding=\"async\" class=\"aligncenter wp-image-1864 size-full\" title=\"Exercice milieu du visage - Ekia Cosmetiques \" src=\"https:\/\/www.ekia-cosmetiques.com\/marque\/wp-content\/uploads\/2019\/11\/joues.png\" alt=\"Exercice milieu du visage - Ekia Cosmetiques \" width=\"181\" height=\"257\" \/><\/td>\n<td><b>Objectif <\/b>: Renforcer les muscles des joues (muscles de la mastication) pour restructurer l\u2019architecture du visage.<\/td>\n<\/tr>\n<tr>\n<td><b>M\u00e9thode <\/b>: Serrez fortement les dents du haut contre celles du bas, en appuyant \u00e9galement les l\u00e8vres l\u2019une contre l\u2019autre. Maintenez 10 sec, r\u00e9p\u00e9tez 10 fois.<\/td>\n<\/tr>\n<\/tbody>\n<\/table>\n<h3 style=\"color: #999900;\">Haut du visage : 2 exercices<\/h3>\n<p>&nbsp;<\/p>\n<table>\n<tbody>\n<tr>\n<td rowspan=\"2\" width=\"15%\"><img loading=\"lazy\" decoding=\"async\" class=\"aligncenter wp-image-1877 size-full\" title=\"Exercice ride du lion - Ekia Cosmetiques \" src=\"https:\/\/www.ekia-cosmetiques.com\/marque\/wp-content\/uploads\/2019\/11\/ride-du-lion.png\" alt=\"Ride du Lion\" width=\"155\" height=\"208\" \/><\/td>\n<td><b>Objectif <\/b>: Lisser la ride du lion<\/td>\n<\/tr>\n<tr>\n<td><b>M\u00e9thode <\/b>: Face au miroir, touchez du majeur le petit muscle situ\u00e9 entre les yeux et soulevez les sourcils, il s\u2019agit de faire bouger le muscle o\u00f9 reposent habituellement les lunettes. Maintenez 7 sec, r\u00e9p\u00e9tez 5 fois.<\/td>\n<\/tr>\n<\/tbody>\n<\/table>\n<p>&nbsp;<\/p>\n<table>\n<tbody>\n<tr>\n<td rowspan=\"2\" width=\"15%\"><img loading=\"lazy\" decoding=\"async\" class=\"aligncenter wp-image-1876 size-full\" title=\"Exercice front et tempes - Ekia Cosmetiques \" src=\"https:\/\/www.ekia-cosmetiques.com\/marque\/wp-content\/uploads\/2019\/11\/front-et-tempes.png\" alt=\"front et tempes\" width=\"170\" height=\"199\" \/><\/td>\n<td><b>Objectif <\/b>: Travailler l\u2019ensemble du front et des tempes<\/td>\n<\/tr>\n<tr>\n<td><b>M\u00e9thode <\/b>: Face au miroir, fixez du regard le haut du cr\u00e2ne et tentez de faites bouger les muscles du front et du cuir chevelu. Maintenez 10 sec, r\u00e9p\u00e9tez 5 fois.<\/td>\n<\/tr>\n<\/tbody>\n<\/table>\n<h2 style=\"color: #999900;\">Conseils nutritionnels :<\/h2>\n<p>Prot\u00e9ger la peau d\u2019un vieillissement pr\u00e9matur\u00e9 passe \u00e9galement par l\u2019alimentation. Voici quelques conseils :<\/p>\n<p>&nbsp;<\/p>\n<p><strong>Vitamine A<\/strong> (AJR=1mg) : Vitamine protectrice contre le vieillissement et le dess\u00e8chement de la peau.<br \/>\n<img loading=\"lazy\" decoding=\"async\" class=\"alignright wp-image-1834 size-thumbnail\" title=\"Carottes et vitamine A\" src=\"https:\/\/www.ekia-cosmetiques.com\/marque\/wp-content\/uploads\/2019\/11\/jonathan-pielmayer-eFFnKMiDMGc-unsplash-150x150.jpg\" alt=\"Carottes et vitamine A\" width=\"150\" height=\"150\" \/> Sources journali\u00e8res :<\/p>\n<ul>\n<li>60cl de lait ou<\/li>\n<li>200g de thon ou<\/li>\n<li>100g de carottes ou<\/li>\n<li>4 \u0153ufs ou<\/li>\n<li>50 \u00e0 100g d\u2019abricots, d\u2019\u00e9pinards<\/li>\n<\/ul>\n<p>&nbsp;<\/p>\n<p><strong>Om\u00e9ga 6<\/strong> (AJR= 2g) : permettent d\u2018apaiser et de prot\u00e9ger la peau, maintenir une bonne hydratation et d\u2019am\u00e9liorer son \u00e9lasticit\u00e9 et sa souplesse <img loading=\"lazy\" decoding=\"async\" class=\"alignright wp-image-1457 size-thumbnail\" title=\"Huile v\u00e9g\u00e9tale riche en om\u00e9ga 6 - Ekia Cosmetiques\" src=\"https:\/\/www.ekia-cosmetiques.com\/marque\/wp-content\/uploads\/2019\/11\/ekia-cosmetiques-bio-principes-actifs-naturels-huile-olive-jojoba-150x150.jpg\" alt=\"Huile v\u00e9g\u00e9tale riche en om\u00e9ga 6\" width=\"150\" height=\"150\" srcset=\"https:\/\/www.ekia-cosmetiques.com\/marque\/wp-content\/uploads\/2019\/11\/ekia-cosmetiques-bio-principes-actifs-naturels-huile-olive-jojoba-150x150.jpg 150w, https:\/\/www.ekia-cosmetiques.com\/marque\/wp-content\/uploads\/2019\/11\/ekia-cosmetiques-bio-principes-actifs-naturels-huile-olive-jojoba-300x300.jpg 300w, https:\/\/www.ekia-cosmetiques.com\/marque\/wp-content\/uploads\/2019\/11\/ekia-cosmetiques-bio-principes-actifs-naturels-huile-olive-jojoba.jpg 400w\" sizes=\"(max-width: 150px) 100vw, 150px\" \/>Sources journali\u00e8res :<\/p>\n<ul>\n<li>2 c.\u00e0 s. d\u2019huiles v\u00e9g\u00e9tales (raisin, tournesol, ma\u00efs\u2026)<\/li>\n<li>Viandes 2 fois par semaine<\/li>\n<li>Poissons gras 2 fois par semaine<\/li>\n<li>Ma\u00efs<\/li>\n<\/ul>\n<p>&nbsp;<\/p>\n<p><strong>Les polyph\u00e9nols<\/strong> (AJR=1mg) : jouent un r\u00f4le fondamental dans tous les m\u00e9canismes anti-radicaux libres.<br \/>\n<img loading=\"lazy\" decoding=\"async\" class=\"alignright wp-image-1878 size-thumbnail\" title=\"Huile d'olive riche en polyph\u00e9nols - Ekia Cosmetiques\" src=\"https:\/\/www.ekia-cosmetiques.com\/marque\/wp-content\/uploads\/2019\/11\/olive-et-jojoba-150x150.jpeg\" alt=\"Huile d'olive riche en polyph\u00e9nols\" width=\"150\" height=\"150\" \/>Sources journali\u00e8res :<\/p>\n<ul>\n<li>3 tasses de th\u00e9 vert ou<\/li>\n<li>20g de chocolat noir ou<\/li>\n<li>100g d\u2019olive ou baies<\/li>\n<\/ul>\n<p>&nbsp;<\/p>\n<p><strong>Le s\u00e9l\u00e9nium<\/strong> (AJR = 50mg) : joue un r\u00f4le fondamental dans tous les m\u00e9canismes anti-radicaux libres.<br \/>\n<a href=\"https:\/\/www.ekia-cosmetiques.com\/marque\/les-huiles-et-beurres\/huile-de-noix-du-bresil\/\" target=\"_blank\" rel=\"noopener noreferrer\"><img loading=\"lazy\" decoding=\"async\" class=\"alignright wp-image-1458 size-thumbnail\" title=\"Noix du Br\u00e9sil - Ekia Cosmetiques\" src=\"https:\/\/www.ekia-cosmetiques.com\/marque\/wp-content\/uploads\/2019\/11\/ekia-cosmetiques-bio-principes-actifs-naturels-huiles-beurres-noix-bresil-brazil-nut-150x150.jpg\" alt=\"Noix du Br\u00e9sil - Ekia Cosmetiques\" width=\"150\" height=\"150\" \/><\/a> Sources journali\u00e8res :<\/p>\n<ul>\n<li>150g de crabe ou de crevette ou<\/li>\n<li>200g de champignons ou<\/li>\n<li>200g de noix de cajou et de coco ou<\/li>\n<li>70g de graines de tournesol ou<\/li>\n<li>1 noix du br\u00e9sil<\/li>\n<\/ul>\n<p>&nbsp;<\/p>\n<p>&nbsp;<\/p>\n<p>&nbsp;<\/p>\n<h2 style=\"color: #999900;\">Les soins conseill\u00e9s pour la routine peaux matures<\/h2>\n<p><a href=\"https:\/\/www.ekia-cosmetiques.com\/fr\/33-77-lotion-regenerante.html#\/28-contenance-150_ml\" target=\"_blank\" rel=\"noopener noreferrer\"><img loading=\"lazy\" decoding=\"async\" class=\"alignleft wp-image-1822 size-thumbnail\" title=\"Lotion R\u00e9g\u00e9n\u00e9rante Ekia Cosm\u00e9tiques\" src=\"https:\/\/www.ekia-cosmetiques.com\/marque\/wp-content\/uploads\/2011\/08\/Flacon-Lotion-regenerante-150x150.png\" alt=\"Lotion R\u00e9g\u00e9n\u00e9rante Ekia\" width=\"150\" height=\"150\" srcset=\"https:\/\/www.ekia-cosmetiques.com\/marque\/wp-content\/uploads\/2011\/08\/Flacon-Lotion-regenerante-150x150.png 150w, https:\/\/www.ekia-cosmetiques.com\/marque\/wp-content\/uploads\/2011\/08\/Flacon-Lotion-regenerante-300x300.png 300w, https:\/\/www.ekia-cosmetiques.com\/marque\/wp-content\/uploads\/2011\/08\/Flacon-Lotion-regenerante-1024x1024.png 1024w, https:\/\/www.ekia-cosmetiques.com\/marque\/wp-content\/uploads\/2011\/08\/Flacon-Lotion-regenerante-768x768.png 768w, https:\/\/www.ekia-cosmetiques.com\/marque\/wp-content\/uploads\/2011\/08\/Flacon-Lotion-regenerante-1536x1536.png 1536w, https:\/\/www.ekia-cosmetiques.com\/marque\/wp-content\/uploads\/2011\/08\/Flacon-Lotion-regenerante-2048x2048.png 2048w\" sizes=\"(max-width: 150px) 100vw, 150px\" \/><\/a><\/p>\n<h3><\/h3>\n<h3 style=\"color: #999900;\">1- La Lotion R\u00e9g\u00e9n\u00e9rante<\/h3>\n<p>Elle permet de tonifier, d&rsquo;hydrater, de lisser, d&rsquo;illuminer et de raffermir la peau. C&rsquo;est un v\u00e9ritable premier geste anti-\u00e2ge, qui pr\u00e9pare la peau au soin.<\/p>\n<p>&nbsp;<\/p>\n<p>&nbsp;<\/p>\n<p><a href=\"https:\/\/www.ekia-cosmetiques.com\/fr\/30-104-baume-regard.html#\/37-contenance-15_ml\" target=\"_blank\" rel=\"noopener noreferrer\"><img loading=\"lazy\" decoding=\"async\" class=\"alignleft wp-image-1189 size-thumbnail\" title=\"Baume Regard -Ekia cosmetiques\" src=\"https:\/\/www.ekia-cosmetiques.com\/marque\/wp-content\/uploads\/2019\/10\/Ekia-BaumeRegard-150x150.jpg\" alt=\"Baume Regard Ekia\" width=\"150\" height=\"150\" srcset=\"https:\/\/www.ekia-cosmetiques.com\/marque\/wp-content\/uploads\/2019\/10\/Ekia-BaumeRegard-150x150.jpg 150w, https:\/\/www.ekia-cosmetiques.com\/marque\/wp-content\/uploads\/2019\/10\/Ekia-BaumeRegard-300x300.jpg 300w, https:\/\/www.ekia-cosmetiques.com\/marque\/wp-content\/uploads\/2019\/10\/Ekia-BaumeRegard-768x768.jpg 768w, https:\/\/www.ekia-cosmetiques.com\/marque\/wp-content\/uploads\/2019\/10\/Ekia-BaumeRegard.jpg 800w\" sizes=\"(max-width: 150px) 100vw, 150px\" \/><\/a><\/p>\n<h3 style=\"color: #999900;\">2- Le Baume Regard<\/h3>\n<p>Le soin complet du contour de l\u2019\u0153il agit comme un anti-\u00e2ge (rides) et anti-fatigue (poches, cernes), il apaise et d\u00e9froisse la peau du visage.<\/p>\n<p>&nbsp;<\/p>\n<p>&nbsp;<\/p>\n<h3 style=\"color: #999900;\"><a href=\"https:\/\/www.ekia-cosmetiques.com\/fr\/12-cremes-anti-age-50-ans\" target=\"_blank\" rel=\"noopener noreferrer\"><img loading=\"lazy\" decoding=\"async\" class=\"alignleft wp-image-1191 size-thumbnail\" title=\"Cr\u00e8me Intense - Ekia Cosm\u00e9tiques\" src=\"https:\/\/www.ekia-cosmetiques.com\/marque\/wp-content\/uploads\/2019\/10\/Ekia-CremeIntense-150x150.jpg\" alt=\"Creme Intense Ekia\" width=\"150\" height=\"150\" srcset=\"https:\/\/www.ekia-cosmetiques.com\/marque\/wp-content\/uploads\/2019\/10\/Ekia-CremeIntense-150x150.jpg 150w, https:\/\/www.ekia-cosmetiques.com\/marque\/wp-content\/uploads\/2019\/10\/Ekia-CremeIntense-300x300.jpg 300w, https:\/\/www.ekia-cosmetiques.com\/marque\/wp-content\/uploads\/2019\/10\/Ekia-CremeIntense-768x768.jpg 768w, https:\/\/www.ekia-cosmetiques.com\/marque\/wp-content\/uploads\/2019\/10\/Ekia-CremeIntense.jpg 800w\" sizes=\"(max-width: 150px) 100vw, 150px\" \/><\/a>3- Un soin anti \u00e2ge : Cr\u00e8me Initiale, Cr\u00e8me Intense, Cr\u00e8me Extr\u00eame<\/h3>\n<p>Choisissez le soin anti \u00e2ge le plus adapt\u00e9 \u00e0 votre type de peau mature (pr\u00e9serv\u00e9e, fragilis\u00e9e ou bien carenc\u00e9e). pour connaitre votre type de peau, vous pouvez r\u00e9aliser un diagnostic en ligne, gratuitement\u00a0 : <a style=\"color: #999900;\" href=\"https:\/\/preprod.ekia-cosmetiques.com\/marque\/diagnostic-peaux-matures\/?step=2&amp;post_id=1366&amp;token=38zdYqqDA6c#\" target=\"_blank\" rel=\"noopener noreferrer\">R\u00e9aliser mon diagnostic<\/a><\/p>\n<p>Ces soins permettent de booster la r\u00e9g\u00e9n\u00e9ration cellulaire, de lutter simultan\u00e9ment contre les signes li\u00e9s \u00e0 l\u2019\u00e2ge : rides, rel\u00e2chement, teint terne, taches pigmentaires, d\u00e9shydratation et dess\u00e8chement.<\/p>\n<p>&nbsp;<\/p>\n<p>&nbsp;<\/p>\n<p>D\u00e9couvrez aussi \ud83d\udc47<\/p>\n<p>-&gt; <a style=\"color: #999900;\" href=\"https:\/\/www.ekia-cosmetiques.com\/marque\/conseils-beaute\/comment-optimiser-votre-routine-de-soin-focus-routine-eclat\/\" target=\"_blank\" rel=\"noopener noreferrer\">Optimiser sa routine de soin \u00e9clat<\/a><\/p>\n<p>-&gt; <a style=\"color: #999900;\" href=\"https:\/\/www.ekia-cosmetiques.com\/marque\/conseils-beaute\/comment-optimiser-votre-routine-de-soin-focus-routine-fermete\/\" target=\"_blank\" rel=\"noopener noreferrer\">Optimiser sa routine de soin fermet\u00e9<\/a><\/p>\n<p>&nbsp;<\/p>\n<p>&nbsp;<\/p>\n","protected":false},"excerpt":{"rendered":"<p>&nbsp; Une bonne hygi\u00e8ne de vie cela passe bien s\u00fbr par une alimentation saine, une activit\u00e9 physique r\u00e9guli\u00e8re mais aussi une bonne routine de soin pour bien prendre soin de sa peau. Apr\u00e8s avoir d\u00e9couvert comment optimiser sa routine de soin \u00e9clat, et sa routine fermet\u00e9, d\u00e9couvrons comment rendre plus efficace sa routine sp\u00e9ciale peaux [&hellip;]<\/p>\n","protected":false},"author":4,"featured_media":1888,"comment_status":"open","ping_status":"open","sticky":false,"template":"","format":"standard","meta":{"_acf_changed":false,"_seopress_robots_primary_cat":"none","_seopress_titles_title":"Comment optimiser sa routine de soin ? Peau parfaite - Mode d&#039;emploi","_seopress_titles_desc":"Avoir une bonne hygi\u00e8ne de vie passe bien s\u00fbr par une alimentation saine, une activit\u00e9 physique r\u00e9guli\u00e8re mais aussi une bonne routine de soin pour bien prendre soin de sa peau.\r\nD\u00e9couvrez comment optimiser sa routine de soin pour la rendre encore plus efficace.\u00a0Focus routine peaux matures","_seopress_robots_index":"","footnotes":""},"categories":[7],"tags":[],"class_list":["post-1875","post","type-post","status-publish","format-standard","has-post-thumbnail","hentry","category-beaute-au-quotidien"],"acf":[],"_links":{"self":[{"href":"https:\/\/www.ekia-cosmetiques.com\/marque\/wp-json\/wp\/v2\/posts\/1875","targetHints":{"allow":["GET"]}}],"collection":[{"href":"https:\/\/www.ekia-cosmetiques.com\/marque\/wp-json\/wp\/v2\/posts"}],"about":[{"href":"https:\/\/www.ekia-cosmetiques.com\/marque\/wp-json\/wp\/v2\/types\/post"}],"author":[{"embeddable":true,"href":"https:\/\/www.ekia-cosmetiques.com\/marque\/wp-json\/wp\/v2\/users\/4"}],"replies":[{"embeddable":true,"href":"https:\/\/www.ekia-cosmetiques.com\/marque\/wp-json\/wp\/v2\/comments?post=1875"}],"version-history":[{"count":5,"href":"https:\/\/www.ekia-cosmetiques.com\/marque\/wp-json\/wp\/v2\/posts\/1875\/revisions"}],"predecessor-version":[{"id":1985,"href":"https:\/\/www.ekia-cosmetiques.com\/marque\/wp-json\/wp\/v2\/posts\/1875\/revisions\/1985"}],"wp:featuredmedia":[{"embeddable":true,"href":"https:\/\/www.ekia-cosmetiques.com\/marque\/wp-json\/wp\/v2\/media\/1888"}],"wp:attachment":[{"href":"https:\/\/www.ekia-cosmetiques.com\/marque\/wp-json\/wp\/v2\/media?parent=1875"}],"wp:term":[{"taxonomy":"category","embeddable":true,"href":"https:\/\/www.ekia-cosmetiques.com\/marque\/wp-json\/wp\/v2\/categories?post=1875"},{"taxonomy":"post_tag","embeddable":true,"href":"https:\/\/www.ekia-cosmetiques.com\/marque\/wp-json\/wp\/v2\/tags?post=1875"}],"curies":[{"name":"wp","href":"https:\/\/api.w.org\/{rel}","templated":true}]}}