{"id":1847,"date":"2019-11-26T13:47:11","date_gmt":"2019-11-26T13:47:11","guid":{"rendered":"https:\/\/www.ekia-cosmetiques.com\/marque\/?p=1847"},"modified":"2022-03-15T15:41:19","modified_gmt":"2022-03-15T15:41:19","slug":"comment-optimiser-votre-routine-de-soin-focus-routine-eclat","status":"publish","type":"post","link":"https:\/\/www.ekia-cosmetiques.com\/marque\/beaute-au-quotidien\/comment-optimiser-votre-routine-de-soin-focus-routine-eclat\/","title":{"rendered":"Comment optimiser votre routine de soin ? Focus routine \u00e9clat"},"content":{"rendered":"<p>&nbsp;<\/p>\n<p><img fetchpriority=\"high\" decoding=\"async\" class=\"alignleft wp-image-1886 size-medium\" title=\"Routine Eclat - Ekia Cosm\u00e9tiques\" src=\"https:\/\/www.ekia-cosmetiques.com\/marque\/wp-content\/uploads\/2019\/11\/Routineeclat-1-300x208.jpg\" alt=\"Routine Eclat - Ekia Cosm\u00e9tiques\" width=\"300\" height=\"208\" srcset=\"https:\/\/www.ekia-cosmetiques.com\/marque\/wp-content\/uploads\/2019\/11\/Routineeclat-1-300x208.jpg 300w, https:\/\/www.ekia-cosmetiques.com\/marque\/wp-content\/uploads\/2019\/11\/Routineeclat-1-1024x709.jpg 1024w, https:\/\/www.ekia-cosmetiques.com\/marque\/wp-content\/uploads\/2019\/11\/Routineeclat-1-768x532.jpg 768w, https:\/\/www.ekia-cosmetiques.com\/marque\/wp-content\/uploads\/2019\/11\/Routineeclat-1.jpg 1083w\" sizes=\"(max-width: 300px) 100vw, 300px\" \/>Avoir une bonne hygi\u00e8ne de vie passe bien s\u00fbr par une alimentation saine, une activit\u00e9 physique r\u00e9guli\u00e8re mais aussi une bonne routine de soin pour bien prendre soin de sa peau.<\/p>\n<p>Aujourd&rsquo;hui, d\u00e9couvrons comment peut-on optimiser une routine de soin pour la rendre encore plus efficace.\u00a0Focus routine \u00e9clat<\/p>\n<p>Une routine \u00e9clat est faite pour r\u00e9v\u00e9ler l&rsquo;\u00e9clat des peaux ternes gr\u00e2ce \u00e0 une s\u00e9rie de soins sp\u00e9cifiques.<\/p>\n<p>&nbsp;<\/p>\n<p>&nbsp;<\/p>\n<p>&nbsp;<\/p>\n<h2 style=\"color: #999900;\">Conseils de Gestes d\u2019automassage :<\/h2>\n<p>Effectuer 3 minutes de gestes d\u2019automassage tous les jours renforce l\u2019action des soins surtout dans une probl\u00e9matique d\u2019\u00e9clat. Nous vous conseillons d\u2019effectuer ces gestes de pr\u00e9f\u00e9rence le soir pour booster davantage la r\u00e9g\u00e9n\u00e9ration cellulaire de la nuit et vous permettre d\u2019avoir un teint plus \u00e9clatant le matin.<\/p>\n<h3 style=\"color: #999900;\">Bas du visage : 2 exercices<\/h3>\n<table>\n<tbody>\n<tr>\n<td rowspan=\"2\" width=\"15%\"><img decoding=\"async\" class=\"aligncenter\" title=\"Exercice cou et visage - Ekia Cosmetiques\" src=\"https:\/\/www.ekia-cosmetiques.com\/marque\/wp-content\/uploads\/2019\/11\/Image1.png\" alt=\"Cou et visage\" width=\"148\" height=\"210\" \/><\/td>\n<td><strong>Objectif\u00a0<\/strong>: Faire circuler le sang entre le cou et le visage<\/td>\n<\/tr>\n<tr>\n<td><strong>M\u00e9thode<\/strong> : R\u00e9alisez de petites pressions avec le dos de vos pouces tout le long de la m\u00e2choire, en partant du menton vers les lobes des oreilles. Effectuez 3 allers \/ retours. Toujours avec le dos de vos pouces, lissez la peau le long de la m\u00e2choire, du menton vers les lobes des oreilles. R\u00e9p\u00e9tez 3 fois.<\/td>\n<\/tr>\n<\/tbody>\n<\/table>\n<p>&nbsp;<\/p>\n<table>\n<tbody>\n<tr>\n<td rowspan=\"2\" width=\"15%\"><img decoding=\"async\" class=\"aligncenter wp-image-1842\" title=\"Exercice bas du visage - Ekia Cosmetiques\" src=\"https:\/\/www.ekia-cosmetiques.com\/marque\/wp-content\/uploads\/2019\/11\/Image2.png\" alt=\"Bas du visage - Ekia Cosmetiques\" width=\"205\" height=\"273\" \/><\/td>\n<td><strong>Objectif\u00a0<\/strong>: Stimuler la circulation du bas du visage<\/td>\n<\/tr>\n<tr>\n<td><strong>M\u00e9thode<\/strong> : R\u00e9alisez des petits pincements rapides et rapproch\u00e9s de la peau du bas du visage, en partant du menton vers le lobe des oreilles. Faites 5 allers retours.<\/td>\n<\/tr>\n<\/tbody>\n<\/table>\n<p>&nbsp;<\/p>\n<h3 style=\"color: #999900;\">Milieu du visage : 2 exercices<\/h3>\n<table style=\"height: 208px;\" width=\"1370\">\n<tbody>\n<tr>\n<td rowspan=\"2\" width=\"15%\"><img loading=\"lazy\" decoding=\"async\" class=\"aligncenter wp-image-1843\" title=\"Exercice milieu du visage - Ekia Cosmetiques\" src=\"https:\/\/www.ekia-cosmetiques.com\/marque\/wp-content\/uploads\/2019\/11\/Image3.png\" alt=\"Exercice milieu du visage - Ekia Cosmetiques\" width=\"201\" height=\"253\" \/><\/td>\n<td><strong>Objectif\u00a0<\/strong>: D\u00e9tendre les traits tir\u00e9s et redonner plus d\u2019\u00e9clat aux joues gr\u00e2ce \u00e0 un afflux de nutriments et d\u2019oxyg\u00e8ne.<\/td>\n<\/tr>\n<tr>\n<td><strong>M\u00e9thode<\/strong> : Avec la pulpe des doigts, effectuez de petits cercles sur l\u2019ensemble de la joue, en partant du menton vers les oreilles. R\u00e9p\u00e9tez 3 fois.<\/td>\n<\/tr>\n<\/tbody>\n<\/table>\n<p>&nbsp;<\/p>\n<table>\n<tbody>\n<tr>\n<td rowspan=\"2\" width=\"15%\"><img loading=\"lazy\" decoding=\"async\" class=\"aligncenter wp-image-1844\" title=\"Exercice milieu du visage - Ekia Cosmetiques\" src=\"https:\/\/www.ekia-cosmetiques.com\/marque\/wp-content\/uploads\/2019\/11\/Image4.png\" alt=\"Exercice milieu du visage - Ekia Cosmetiques\" width=\"196\" height=\"242\" \/><\/td>\n<td><strong>Objectif\u00a0<\/strong>: Diminuer les cernes<\/td>\n<\/tr>\n<tr>\n<td><strong>M\u00e9thode<\/strong> : R\u00e9alisez des pressions avec l\u2019index sur l\u2019ensemble de l\u2019os\u00a0 de la pommette en partant du creux interne de l\u2019\u0153il jusqu\u2019\u00e0 son angle externe. Maintenez chaque pression 5 sec puis r\u00e9p\u00e9tez l\u2019op\u00e9ration 3 fois.<\/td>\n<\/tr>\n<\/tbody>\n<\/table>\n<p>&nbsp;<\/p>\n<h3 style=\"color: #999900;\">Haut du visage : 1 exercice<\/h3>\n<p>&nbsp;<\/p>\n<table>\n<tbody>\n<tr>\n<td rowspan=\"2\" width=\"15%\"><img loading=\"lazy\" decoding=\"async\" class=\"aligncenter wp-image-1845\" title=\"Exercice haut du visage - Ekia Cosmetiques\" src=\"https:\/\/www.ekia-cosmetiques.com\/marque\/wp-content\/uploads\/2019\/11\/Image5.png\" alt=\"Exercice haut du visage - Ekia Cosmetiques\" width=\"170\" height=\"221\" \/><\/td>\n<td><strong>Objectif\u00a0<\/strong>: Relancer la circulation au niveau du front souvent affaiblie par une peau trop coll\u00e9e \u00e0 l\u2019os.<\/td>\n<\/tr>\n<tr>\n<td><strong>M\u00e9thode<\/strong> : Placez vos deux mains au centre du front. Utilisez uniquement la pulpe des doigts. Lissez la peau vers les tempes, puis revenez vers le centre du front.\u00a0 Effectuez 5 allers \/ retours en terminant par le mouvement du centre vers les tempes. Ce mouvement n\u2019est pas tr\u00e8s agr\u00e9able mais tr\u00e8s efficace.<\/td>\n<\/tr>\n<\/tbody>\n<\/table>\n<p>&nbsp;<\/p>\n<p>Terminez par masser les lobes de l\u2019oreille ce qui favorise la circulation du bas du visage. Finissez par de l\u00e9gers pincements sur l\u2019ensemble du visage, ce qui acc\u00e9l\u00e9rera la micro-circulation.<\/p>\n<p>&nbsp;<\/p>\n<p>&nbsp;<\/p>\n<h2 style=\"color: #999900;\">Conseils nutritionnels :<\/h2>\n<p>Prot\u00e9ger la peau d\u2019un vieillissement pr\u00e9matur\u00e9 passe \u00e9galement par l\u2019alimentation. Voici quelques conseils :<\/p>\n<p>&nbsp;<\/p>\n<p><strong>Vitamine E <\/strong>(AJR=12mg) : Antioxydant puissant qui aide \u00e0 r\u00e9g\u00e9n\u00e9rer les cellules et am\u00e9liore la microcirculation cutan\u00e9e.<br \/>\nSource journali\u00e8re : <img loading=\"lazy\" decoding=\"async\" class=\"alignright wp-image-1832 size-thumbnail\" title=\"Amandes et vitamines E - Ekia Cosmetiques\" src=\"https:\/\/www.ekia-cosmetiques.com\/marque\/wp-content\/uploads\/2019\/11\/ignacio-f-vkuNgNf2VNk-unsplash-150x150.jpg\" alt=\"Amandes et vitamines E - Ekia Cosmetiques\" width=\"150\" height=\"150\" \/><\/p>\n<ul>\n<li>60g d\u2019amandes ou de noisettes ou<\/li>\n<li>2c \u00e0 s. d\u2019huile de tournesol ou<\/li>\n<li>3c \u00e0 s. d\u2019huile de p\u00e9pin de raisin<\/li>\n<\/ul>\n<p>&nbsp;<\/p>\n<p><strong>Le Zinc <\/strong>(AJR=50mg) : Il s\u2019agit de la forme la plus naturelle de vitamine A, il participe \u00e9galement \u00e0 la synth\u00e8se du collag\u00e8ne et am\u00e9liore l\u2019\u00e9lasticit\u00e9 et la fermet\u00e9 des tissus.<br \/>\nSource journali\u00e8re :<img loading=\"lazy\" decoding=\"async\" class=\"alignright wp-image-1833 size-thumbnail\" title=\"Choux fleur et zinc - Ekia Cosmetiques\" src=\"https:\/\/www.ekia-cosmetiques.com\/marque\/wp-content\/uploads\/2019\/11\/jennifer-schmidt-0XVrBLy73rw-unsplash-150x150.jpg\" alt=\"Choux fleur et zinc - Ekia Cosmetiques\" width=\"150\" height=\"150\" \/><\/p>\n<ul>\n<li>200g pain complet ou<\/li>\n<li>250g de b\u0153uf ou<\/li>\n<li>100g foie de veau ou<\/li>\n<li>25 \u00e0 50 g de l\u00e9gumes crucif\u00e8res (choux, brocolis)<\/li>\n<\/ul>\n<p>&nbsp;<\/p>\n<p><strong>Acides gras essentiels <\/strong>(AJR=2mg) : permettent d\u2019apaiser et prot\u00e9ger la peau, de maintenir une bonne hydratation.<br \/>\nSource journali\u00e8re :<img loading=\"lazy\" decoding=\"async\" class=\"alignright wp-image-1836 size-thumbnail\" title=\"Noix Ekia Cosmetiques\" src=\"https:\/\/www.ekia-cosmetiques.com\/marque\/wp-content\/uploads\/2019\/11\/tom-hermans-IbL3Zd62Q7Q-unsplash-150x150.jpg\" alt=\"Noix Ekia Cosmetiques\" width=\"150\" height=\"150\" \/><\/p>\n<ul>\n<li>60g germes de bl\u00e9 ou graines de lin ou<\/li>\n<li>2c \u00e0 s. d\u2019huiles v\u00e9g\u00e9tales (colza, lin) ou<\/li>\n<li>Une quinzaine de noix<\/li>\n<\/ul>\n<p>&nbsp;<\/p>\n<p><strong>Le b\u00e9ta-carot\u00e8ne <\/strong>(AJR = 50mg) : indispensable \u00e0 la jeunesse et \u00e0 la tonicit\u00e9 de la peau, il s\u2019agit de la forme la plus naturelle de la vitamine A.<br \/>\nSource journali\u00e8re : <img loading=\"lazy\" decoding=\"async\" class=\"alignright wp-image-1835 size-thumbnail\" title=\"Abricot b\u00e9ta-carot\u00e8ne \" src=\"https:\/\/www.ekia-cosmetiques.com\/marque\/wp-content\/uploads\/2019\/11\/olia-nayda-Vjqad2cAxZw-unsplash-150x150.jpg\" alt=\"Abricot b\u00e9ta-carot\u00e8ne \" width=\"150\" height=\"150\" \/><\/p>\n<ul>\n<li>60 cl de lait ou<\/li>\n<li>50 \u00e0 100g d\u2019abricot ou d\u2019\u00e9pinards ou<\/li>\n<li>100g de carottes ou<\/li>\n<li>25 \u00e0 50g de l\u00e9gumes crucif\u00e8res (choux, brocolis, cresson).<\/li>\n<\/ul>\n<p>&nbsp;<\/p>\n<p>&nbsp;<\/p>\n<h2 style=\"color: #999900;\">Les soins conseill\u00e9s pour la routine \u00e9clat<\/h2>\n<p><a href=\"https:\/\/www.ekia-cosmetiques.com\/fr\/34-102-eau-micellaire-eclat.html#\/28-contenance-150_ml\" target=\"_blank\" rel=\"noopener noreferrer\"><img loading=\"lazy\" decoding=\"async\" class=\"alignleft wp-image-1194 size-thumbnail\" title=\"Eau micellaire - Ekia Cosmetiques\" src=\"https:\/\/www.ekia-cosmetiques.com\/marque\/wp-content\/uploads\/2019\/10\/Ekia-EauMicellaireEclat-150x150.jpg\" alt=\"Eau micellaire - Ekia Cosmetiques\" width=\"150\" height=\"150\" srcset=\"https:\/\/www.ekia-cosmetiques.com\/marque\/wp-content\/uploads\/2019\/10\/Ekia-EauMicellaireEclat-150x150.jpg 150w, https:\/\/www.ekia-cosmetiques.com\/marque\/wp-content\/uploads\/2019\/10\/Ekia-EauMicellaireEclat-300x300.jpg 300w, https:\/\/www.ekia-cosmetiques.com\/marque\/wp-content\/uploads\/2019\/10\/Ekia-EauMicellaireEclat-768x768.jpg 768w, https:\/\/www.ekia-cosmetiques.com\/marque\/wp-content\/uploads\/2019\/10\/Ekia-EauMicellaireEclat.jpg 800w\" sizes=\"(max-width: 150px) 100vw, 150px\" \/><\/a><\/p>\n<h3><\/h3>\n<h3 style=\"color: #999900;\">1- L&rsquo;eau micellaire \u00e9clat<\/h3>\n<p>A utiliser le matin, elle permet de nettoyer la peau des rejets de la nuit, d&rsquo;illuminer le teint et d\u00e9froisser la peau au r\u00e9veil<\/p>\n<p>&nbsp;<\/p>\n<p>&nbsp;<\/p>\n<p><a href=\"https:\/\/www.ekia-cosmetiques.com\/fr\/26-107-serum-eclat.html#\/37-contenance-15_ml\" target=\"_blank\" rel=\"noopener noreferrer\"><img loading=\"lazy\" decoding=\"async\" class=\"alignleft wp-image-1200 size-thumbnail\" title=\"S\u00e9rum \u00e9clat -Ekia cosmetiques\" src=\"https:\/\/www.ekia-cosmetiques.com\/marque\/wp-content\/uploads\/2019\/10\/Ekia-SerumEclat-150x150.jpg\" alt=\"S\u00e9rum \u00e9clat -Ekia cosmetiques\" width=\"150\" height=\"150\" srcset=\"https:\/\/www.ekia-cosmetiques.com\/marque\/wp-content\/uploads\/2019\/10\/Ekia-SerumEclat-150x150.jpg 150w, https:\/\/www.ekia-cosmetiques.com\/marque\/wp-content\/uploads\/2019\/10\/Ekia-SerumEclat-300x300.jpg 300w, https:\/\/www.ekia-cosmetiques.com\/marque\/wp-content\/uploads\/2019\/10\/Ekia-SerumEclat-768x768.jpg 768w, https:\/\/www.ekia-cosmetiques.com\/marque\/wp-content\/uploads\/2019\/10\/Ekia-SerumEclat.jpg 800w\" sizes=\"(max-width: 150px) 100vw, 150px\" \/><\/a><\/p>\n<h3 style=\"color: #999900;\">2- Le s\u00e9rum \u00e9clat<\/h3>\n<p>Il permet d&rsquo;affiner le grain de peau, unifier le teint et d&rsquo;estomper les taches pigmentaires.<\/p>\n<p>&nbsp;<\/p>\n<p>&nbsp;<\/p>\n<h3 style=\"color: #999900;\"><a href=\"https:\/\/www.ekia-cosmetiques.com\/fr\/22-95-creme-originelle-peaux-normales-a-mixtes.html#\/27-contenance-30_ml\" target=\"_blank\" rel=\"noopener noreferrer\"><img loading=\"lazy\" decoding=\"async\" class=\"alignleft wp-image-1192 size-thumbnail\" title=\"Cr\u00e8me Originelle Peaux normales \u00e0 mixtes - Ekia Cosm\u00e9tiques\" src=\"https:\/\/www.ekia-cosmetiques.com\/marque\/wp-content\/uploads\/2019\/10\/Ekia-CremeOPeauxNormalesMixtes-150x150.jpg\" alt=\"Cr\u00e8me Originelle Peaux normales \u00e0 mixtes - Ekia Cosm\u00e9tiques\" width=\"150\" height=\"150\" srcset=\"https:\/\/www.ekia-cosmetiques.com\/marque\/wp-content\/uploads\/2019\/10\/Ekia-CremeOPeauxNormalesMixtes-150x150.jpg 150w, https:\/\/www.ekia-cosmetiques.com\/marque\/wp-content\/uploads\/2019\/10\/Ekia-CremeOPeauxNormalesMixtes-300x300.jpg 300w, https:\/\/www.ekia-cosmetiques.com\/marque\/wp-content\/uploads\/2019\/10\/Ekia-CremeOPeauxNormalesMixtes-768x768.jpg 768w, https:\/\/www.ekia-cosmetiques.com\/marque\/wp-content\/uploads\/2019\/10\/Ekia-CremeOPeauxNormalesMixtes.jpg 800w\" sizes=\"(max-width: 150px) 100vw, 150px\" \/><\/a>3- Un soin anti \u00e2ge<\/h3>\n<p>Il permet de traiter ou bien de pr\u00e9venir des signes de l&rsquo;\u00e2ge, d&rsquo;hydrater et de prot\u00e9ger la peau.<\/p>\n<p>&nbsp;<\/p>\n<p>&nbsp;<\/p>\n<p>&nbsp;<\/p>\n<p>&nbsp;<\/p>\n<p>&nbsp;<\/p>\n<p>D\u00e9couvrez aussi \ud83d\udc47<\/p>\n<p>-&gt; <a style=\"color: #999900;\" href=\"https:\/\/www.ekia-cosmetiques.com\/marque\/conseils-beaute\/comment-optimiser-votre-routine-de-soin-focus-routine-fermete\/\" rel=\"noopener\">Optimiser sa routine de soin fermet\u00e9<\/a><\/p>\n<p>-&gt; <a style=\"color: #999900;\" href=\"https:\/\/www.ekia-cosmetiques.com\/marque\/conseils-beaute\/comment-optimiser-votre-routine-de-soin-focus-routine-peaux-matures\/\" rel=\"noopener\">Optimiser sa routine Peaux Matures<\/a><\/p>\n<p>&nbsp;<\/p>\n","protected":false},"excerpt":{"rendered":"<p>&nbsp; Avoir une bonne hygi\u00e8ne de vie passe bien s\u00fbr par une alimentation saine, une activit\u00e9 physique r\u00e9guli\u00e8re mais aussi une bonne routine de soin pour bien prendre soin de sa peau. Aujourd&rsquo;hui, d\u00e9couvrons comment peut-on optimiser une routine de soin pour la rendre encore plus efficace.\u00a0Focus routine \u00e9clat Une routine \u00e9clat est faite pour [&hellip;]<\/p>\n","protected":false},"author":4,"featured_media":1886,"comment_status":"open","ping_status":"open","sticky":false,"template":"","format":"standard","meta":{"_acf_changed":false,"_seopress_robots_primary_cat":"none","_seopress_titles_title":"Comment optimiser sa routine de soin ? Peau parfaite - Mode d&#039;emploi","_seopress_titles_desc":"Avoir une bonne hygi\u00e8ne de vie passe bien s\u00fbr par une alimentation saine, une activit\u00e9 physique r\u00e9guli\u00e8re mais aussi une bonne routine de soin pour bien prendre soin de sa peau.\r\nD\u00e9couvrez comment optimiser sa routine de soin pour la rendre encore plus efficace.\u00a0Focus routine \u00e9clat","_seopress_robots_index":"","footnotes":""},"categories":[7],"tags":[],"class_list":["post-1847","post","type-post","status-publish","format-standard","has-post-thumbnail","hentry","category-beaute-au-quotidien"],"acf":[],"_links":{"self":[{"href":"https:\/\/www.ekia-cosmetiques.com\/marque\/wp-json\/wp\/v2\/posts\/1847","targetHints":{"allow":["GET"]}}],"collection":[{"href":"https:\/\/www.ekia-cosmetiques.com\/marque\/wp-json\/wp\/v2\/posts"}],"about":[{"href":"https:\/\/www.ekia-cosmetiques.com\/marque\/wp-json\/wp\/v2\/types\/post"}],"author":[{"embeddable":true,"href":"https:\/\/www.ekia-cosmetiques.com\/marque\/wp-json\/wp\/v2\/users\/4"}],"replies":[{"embeddable":true,"href":"https:\/\/www.ekia-cosmetiques.com\/marque\/wp-json\/wp\/v2\/comments?post=1847"}],"version-history":[{"count":5,"href":"https:\/\/www.ekia-cosmetiques.com\/marque\/wp-json\/wp\/v2\/posts\/1847\/revisions"}],"predecessor-version":[{"id":1874,"href":"https:\/\/www.ekia-cosmetiques.com\/marque\/wp-json\/wp\/v2\/posts\/1847\/revisions\/1874"}],"wp:featuredmedia":[{"embeddable":true,"href":"https:\/\/www.ekia-cosmetiques.com\/marque\/wp-json\/wp\/v2\/media\/1886"}],"wp:attachment":[{"href":"https:\/\/www.ekia-cosmetiques.com\/marque\/wp-json\/wp\/v2\/media?parent=1847"}],"wp:term":[{"taxonomy":"category","embeddable":true,"href":"https:\/\/www.ekia-cosmetiques.com\/marque\/wp-json\/wp\/v2\/categories?post=1847"},{"taxonomy":"post_tag","embeddable":true,"href":"https:\/\/www.ekia-cosmetiques.com\/marque\/wp-json\/wp\/v2\/tags?post=1847"}],"curies":[{"name":"wp","href":"https:\/\/api.w.org\/{rel}","templated":true}]}}