{"id":161,"date":"2011-04-01T14:35:50","date_gmt":"2011-04-01T14:35:50","guid":{"rendered":"http:\/\/ekiacosmetiques.wordpress.com\/?p=161"},"modified":"2022-03-15T15:38:57","modified_gmt":"2022-03-15T15:38:57","slug":"le-massage-anti-age-pour-peaux-carencees","status":"publish","type":"post","link":"https:\/\/www.ekia-cosmetiques.com\/marque\/beaute-au-quotidien\/le-massage-anti-age-pour-peaux-carencees\/","title":{"rendered":"Le massage anti-\u00e2ge pour peaux carenc\u00e9es"},"content":{"rendered":"<p>Nous cl\u00f4turons notre cycle \u00ab\u00a0massage du visage\u00a0\u00bb par celui pour peaux carenc\u00e9es. Nous vous invitons \u00e0 (re)voir nos autres massages pour <a href=\"http:\/\/ekiacosmetiques.wordpress.com\/2010\/06\/22\/nos-conseils-beaute-anti-age-le-massage-anti-age\/\" target=\"_blank\" rel=\"noopener noreferrer\">peaux pr\u00e9serv\u00e9es<\/a> ou <a href=\"http:\/\/ekiacosmetiques.wordpress.com\/2010\/10\/01\/le-massage-anti-age-pour-peaux-fragilisees\/\" target=\"_blank\" rel=\"noopener noreferrer\">peaux carenc\u00e9es<\/a>.<\/p>\n<p>Ce massage se r\u00e9alise avec notre <a href=\"http:\/\/www.ekia-cosmetiques.com\/s\/4352_30096_ekia-creme-extreme-soin-anti-age-bio-peaux-matures\" target=\"_blank\" rel=\"noopener noreferrer\">cr\u00e8me revitalisante<\/a> mais si vous pr\u00e9f\u00e9rez travailler le visage avec une huile, nous vous conseillons l&rsquo;huile de S\u00e9same,\u00a0 aux propri\u00e9t\u00e9s\u00a0 antioxydante et anti-\u00e2ge.<\/p>\n<p><a href=\"https:\/\/www.ekia-cosmetiques.com\/marque\/wp-content\/uploads\/2011\/04\/diag-rose.jpg\"><img fetchpriority=\"high\" decoding=\"async\" class=\"aligncenter size-full wp-image-162\" title=\"Massage revitalisant\" src=\"https:\/\/www.ekia-cosmetiques.com\/marque\/wp-content\/uploads\/2011\/04\/diag-rose.jpg\" alt=\"\" width=\"204\" height=\"325\" srcset=\"https:\/\/www.ekia-cosmetiques.com\/marque\/wp-content\/uploads\/2011\/04\/diag-rose.jpg 204w, https:\/\/www.ekia-cosmetiques.com\/marque\/wp-content\/uploads\/2011\/04\/diag-rose-188x300.jpg 188w\" sizes=\"(max-width: 204px) 100vw, 204px\" \/><\/a><\/p>\n<p>Avec de l\u2019huile de s\u00e9same, travaillez l\u2019ovale du visage en tapotements avec\u00a0 le dos des phalanges\u00a0 tout en suivant l\u2019os de la m\u00e2choire vers les tempes. Terminez par un lissage horizontal du visage avec le plat des mains, toujours en remontant vers le haut du visage.<\/p>\n<p>Votre peau est confortable, hydrat\u00e9e et nourrie, vos traits sont rel\u00e2ch\u00e9es et vous avez bonne mine. Ce massage peut tout \u00e0 fait se r\u00e9aliser le matin car l&rsquo;huile de S\u00e9same est vite absorber par la peau.<\/p>\n","protected":false},"excerpt":{"rendered":"<p>Nous cl\u00f4turons notre cycle \u00ab\u00a0massage du visage\u00a0\u00bb par celui pour peaux carenc\u00e9es. Nous vous invitons \u00e0 (re)voir nos autres massages pour peaux pr\u00e9serv\u00e9es ou peaux carenc\u00e9es. Ce massage se r\u00e9alise avec notre cr\u00e8me revitalisante mais si vous pr\u00e9f\u00e9rez travailler le visage avec une huile, nous vous conseillons l&rsquo;huile de S\u00e9same,\u00a0 aux propri\u00e9t\u00e9s\u00a0 antioxydante et anti-\u00e2ge. [&hellip;]<\/p>\n","protected":false},"author":4,"featured_media":162,"comment_status":"open","ping_status":"open","sticky":false,"template":"","format":"standard","meta":{"_acf_changed":false,"_seopress_robots_primary_cat":"none","_seopress_titles_title":"","_seopress_titles_desc":"","_seopress_robots_index":"","footnotes":""},"categories":[7],"tags":[8,33,10],"class_list":["post-161","post","type-post","status-publish","format-standard","has-post-thumbnail","hentry","category-beaute-au-quotidien","tag-massage-peaux-matures","tag-massage-revitalisant","tag-massage-visage"],"acf":[],"_links":{"self":[{"href":"https:\/\/www.ekia-cosmetiques.com\/marque\/wp-json\/wp\/v2\/posts\/161","targetHints":{"allow":["GET"]}}],"collection":[{"href":"https:\/\/www.ekia-cosmetiques.com\/marque\/wp-json\/wp\/v2\/posts"}],"about":[{"href":"https:\/\/www.ekia-cosmetiques.com\/marque\/wp-json\/wp\/v2\/types\/post"}],"author":[{"embeddable":true,"href":"https:\/\/www.ekia-cosmetiques.com\/marque\/wp-json\/wp\/v2\/users\/4"}],"replies":[{"embeddable":true,"href":"https:\/\/www.ekia-cosmetiques.com\/marque\/wp-json\/wp\/v2\/comments?post=161"}],"version-history":[{"count":1,"href":"https:\/\/www.ekia-cosmetiques.com\/marque\/wp-json\/wp\/v2\/posts\/161\/revisions"}],"predecessor-version":[{"id":896,"href":"https:\/\/www.ekia-cosmetiques.com\/marque\/wp-json\/wp\/v2\/posts\/161\/revisions\/896"}],"wp:featuredmedia":[{"embeddable":true,"href":"https:\/\/www.ekia-cosmetiques.com\/marque\/wp-json\/wp\/v2\/media\/162"}],"wp:attachment":[{"href":"https:\/\/www.ekia-cosmetiques.com\/marque\/wp-json\/wp\/v2\/media?parent=161"}],"wp:term":[{"taxonomy":"category","embeddable":true,"href":"https:\/\/www.ekia-cosmetiques.com\/marque\/wp-json\/wp\/v2\/categories?post=161"},{"taxonomy":"post_tag","embeddable":true,"href":"https:\/\/www.ekia-cosmetiques.com\/marque\/wp-json\/wp\/v2\/tags?post=161"}],"curies":[{"name":"wp","href":"https:\/\/api.w.org\/{rel}","templated":true}]}}