{"id":10192,"date":"2021-03-23T16:49:37","date_gmt":"2021-03-23T16:49:37","guid":{"rendered":"https:\/\/www.ekia-cosmetiques.com\/marque\/?p=10192"},"modified":"2022-03-15T15:31:29","modified_gmt":"2022-03-15T15:31:29","slug":"la-peau-seche-un-epiderme-en-souffrance","status":"publish","type":"post","link":"https:\/\/www.ekia-cosmetiques.com\/marque\/beaute-au-quotidien\/la-peau-seche-un-epiderme-en-souffrance\/","title":{"rendered":"La peau s\u00e8che, un \u00e9piderme en souffrance"},"content":{"rendered":"\t\t<div data-elementor-type=\"wp-post\" data-elementor-id=\"10192\" class=\"elementor elementor-10192\" data-elementor-post-type=\"post\">\n\t\t\t\t\t\t<section class=\"elementor-section elementor-top-section elementor-element elementor-element-b16847c elementor-section-boxed elementor-section-height-default elementor-section-height-default\" data-id=\"b16847c\" data-element_type=\"section\">\n\t\t\t\t\t\t<div class=\"elementor-container elementor-column-gap-default\">\n\t\t\t\t\t<div class=\"elementor-column elementor-col-100 elementor-top-column elementor-element elementor-element-a4d4cd4\" data-id=\"a4d4cd4\" data-element_type=\"column\">\n\t\t\t<div class=\"elementor-widget-wrap elementor-element-populated\">\n\t\t\t\t\t\t<div class=\"elementor-element elementor-element-ba57a55 elementor-widget elementor-widget-heading\" data-id=\"ba57a55\" data-element_type=\"widget\" data-widget_type=\"heading.default\">\n\t\t\t\t<div class=\"elementor-widget-container\">\n\t\t\t\t\t<h2 class=\"elementor-heading-title elementor-size-default\">Quels sont les sympt\u00f4mes d\u2019une peau s\u00e8che? \n<\/h2>\t\t\t\t<\/div>\n\t\t\t\t<\/div>\n\t\t\t\t\t<\/div>\n\t\t<\/div>\n\t\t\t\t\t<\/div>\n\t\t<\/section>\n\t\t\t\t<section class=\"elementor-section elementor-top-section elementor-element elementor-element-951b179 elementor-section-boxed elementor-section-height-default elementor-section-height-default\" data-id=\"951b179\" data-element_type=\"section\">\n\t\t\t\t\t\t<div class=\"elementor-container elementor-column-gap-default\">\n\t\t\t\t\t<div class=\"elementor-column elementor-col-100 elementor-top-column elementor-element elementor-element-18179f1\" data-id=\"18179f1\" data-element_type=\"column\">\n\t\t\t<div class=\"elementor-widget-wrap elementor-element-populated\">\n\t\t\t\t\t\t<div class=\"elementor-element elementor-element-0c1dc1d elementor-widget elementor-widget-text-editor\" data-id=\"0c1dc1d\" data-element_type=\"widget\" data-widget_type=\"text-editor.default\">\n\t\t\t\t<div class=\"elementor-widget-container\">\n\t\t\t\t\t\t\t\t\t<p><b>Tiraillements et inconforts, picotements, desquamations, <\/b>besoin de remettre de la cr\u00e8me en cours de journ\u00e9e, parfois m\u00eame des <b>rougeurs<\/b>.<\/p><p>C\u2019est une pr\u00e9occupation qui concerne plus de <b>40% des femmes europ\u00e9ennes,<\/b> en particulier en Europe du Nord et qui s\u2019aggrave avec l\u2019\u00e2ge (90% des femmes de plus 50 ans ont la peau s\u00e8che) ou bien d\u2019autres facteurs externes ou internes.<\/p>\t\t\t\t\t\t\t\t<\/div>\n\t\t\t\t<\/div>\n\t\t\t\t<section class=\"elementor-section elementor-inner-section elementor-element elementor-element-c9cfb11 elementor-section-boxed elementor-section-height-default elementor-section-height-default\" data-id=\"c9cfb11\" data-element_type=\"section\">\n\t\t\t\t\t\t<div class=\"elementor-container elementor-column-gap-default\">\n\t\t\t\t\t<div class=\"elementor-column elementor-col-33 elementor-inner-column elementor-element elementor-element-566ef0c\" data-id=\"566ef0c\" data-element_type=\"column\">\n\t\t\t<div class=\"elementor-widget-wrap elementor-element-populated\">\n\t\t\t\t\t\t<div class=\"elementor-element elementor-element-ece9a76 elementor-widget elementor-widget-image\" data-id=\"ece9a76\" data-element_type=\"widget\" data-widget_type=\"image.default\">\n\t\t\t\t<div class=\"elementor-widget-container\">\n\t\t\t\t\t\t\t\t\t\t\t\t\t\t\t<img fetchpriority=\"high\" decoding=\"async\" width=\"800\" height=\"534\" src=\"https:\/\/www.ekia-cosmetiques.com\/marque\/wp-content\/uploads\/2021\/03\/tres-seche-1024x683.jpeg\" class=\"attachment-large size-large wp-image-10310\" alt=\"peau seche\" srcset=\"https:\/\/www.ekia-cosmetiques.com\/marque\/wp-content\/uploads\/2021\/03\/tres-seche-1024x683.jpeg 1024w, https:\/\/www.ekia-cosmetiques.com\/marque\/wp-content\/uploads\/2021\/03\/tres-seche-300x200.jpeg 300w, https:\/\/www.ekia-cosmetiques.com\/marque\/wp-content\/uploads\/2021\/03\/tres-seche-768x512.jpeg 768w, https:\/\/www.ekia-cosmetiques.com\/marque\/wp-content\/uploads\/2021\/03\/tres-seche-1536x1024.jpeg 1536w, https:\/\/www.ekia-cosmetiques.com\/marque\/wp-content\/uploads\/2021\/03\/tres-seche-2048x1366.jpeg 2048w\" sizes=\"(max-width: 800px) 100vw, 800px\" \/>\t\t\t\t\t\t\t\t\t\t\t\t\t\t\t<\/div>\n\t\t\t\t<\/div>\n\t\t\t\t\t<\/div>\n\t\t<\/div>\n\t\t\t\t<div class=\"elementor-column elementor-col-33 elementor-inner-column elementor-element elementor-element-483de40\" data-id=\"483de40\" data-element_type=\"column\">\n\t\t\t<div class=\"elementor-widget-wrap elementor-element-populated\">\n\t\t\t\t\t\t<div class=\"elementor-element elementor-element-f133ae2 elementor-widget elementor-widget-image\" data-id=\"f133ae2\" data-element_type=\"widget\" data-widget_type=\"image.default\">\n\t\t\t\t<div class=\"elementor-widget-container\">\n\t\t\t\t\t\t\t\t\t\t\t\t\t\t\t<img decoding=\"async\" width=\"800\" height=\"534\" src=\"https:\/\/www.ekia-cosmetiques.com\/marque\/wp-content\/uploads\/2021\/03\/peau-seche-et-jeune-1024x683.jpeg\" class=\"attachment-large size-large wp-image-10309\" alt=\"peau seche\" srcset=\"https:\/\/www.ekia-cosmetiques.com\/marque\/wp-content\/uploads\/2021\/03\/peau-seche-et-jeune-1024x683.jpeg 1024w, https:\/\/www.ekia-cosmetiques.com\/marque\/wp-content\/uploads\/2021\/03\/peau-seche-et-jeune-300x200.jpeg 300w, https:\/\/www.ekia-cosmetiques.com\/marque\/wp-content\/uploads\/2021\/03\/peau-seche-et-jeune-768x512.jpeg 768w, https:\/\/www.ekia-cosmetiques.com\/marque\/wp-content\/uploads\/2021\/03\/peau-seche-et-jeune-1536x1024.jpeg 1536w, https:\/\/www.ekia-cosmetiques.com\/marque\/wp-content\/uploads\/2021\/03\/peau-seche-et-jeune-2048x1365.jpeg 2048w\" sizes=\"(max-width: 800px) 100vw, 800px\" \/>\t\t\t\t\t\t\t\t\t\t\t\t\t\t\t<\/div>\n\t\t\t\t<\/div>\n\t\t\t\t\t<\/div>\n\t\t<\/div>\n\t\t\t\t<div class=\"elementor-column elementor-col-33 elementor-inner-column elementor-element elementor-element-99075cc\" data-id=\"99075cc\" data-element_type=\"column\">\n\t\t\t<div class=\"elementor-widget-wrap elementor-element-populated\">\n\t\t\t\t\t\t<div class=\"elementor-element elementor-element-ad9f94f elementor-widget elementor-widget-image\" data-id=\"ad9f94f\" data-element_type=\"widget\" data-widget_type=\"image.default\">\n\t\t\t\t<div class=\"elementor-widget-container\">\n\t\t\t\t\t\t\t\t\t\t\t\t\t\t\t<img decoding=\"async\" width=\"800\" height=\"534\" src=\"https:\/\/www.ekia-cosmetiques.com\/marque\/wp-content\/uploads\/2021\/03\/tres-seche-1-1024x683.jpeg\" class=\"attachment-large size-large wp-image-10311\" alt=\"peau seche\" srcset=\"https:\/\/www.ekia-cosmetiques.com\/marque\/wp-content\/uploads\/2021\/03\/tres-seche-1-1024x683.jpeg 1024w, https:\/\/www.ekia-cosmetiques.com\/marque\/wp-content\/uploads\/2021\/03\/tres-seche-1-300x200.jpeg 300w, https:\/\/www.ekia-cosmetiques.com\/marque\/wp-content\/uploads\/2021\/03\/tres-seche-1-768x513.jpeg 768w, https:\/\/www.ekia-cosmetiques.com\/marque\/wp-content\/uploads\/2021\/03\/tres-seche-1-1536x1025.jpeg 1536w, https:\/\/www.ekia-cosmetiques.com\/marque\/wp-content\/uploads\/2021\/03\/tres-seche-1-2048x1367.jpeg 2048w\" sizes=\"(max-width: 800px) 100vw, 800px\" \/>\t\t\t\t\t\t\t\t\t\t\t\t\t\t\t<\/div>\n\t\t\t\t<\/div>\n\t\t\t\t\t<\/div>\n\t\t<\/div>\n\t\t\t\t\t<\/div>\n\t\t<\/section>\n\t\t\t\t\t<\/div>\n\t\t<\/div>\n\t\t\t\t\t<\/div>\n\t\t<\/section>\n\t\t\t\t<section class=\"elementor-section elementor-top-section elementor-element elementor-element-0a66943 elementor-section-boxed elementor-section-height-default elementor-section-height-default\" data-id=\"0a66943\" data-element_type=\"section\">\n\t\t\t\t\t\t<div class=\"elementor-container elementor-column-gap-default\">\n\t\t\t\t\t<div class=\"elementor-column elementor-col-100 elementor-top-column elementor-element elementor-element-e322ee4\" data-id=\"e322ee4\" data-element_type=\"column\">\n\t\t\t<div class=\"elementor-widget-wrap elementor-element-populated\">\n\t\t\t\t\t\t<div class=\"elementor-element elementor-element-bf963e1 elementor-widget elementor-widget-spacer\" data-id=\"bf963e1\" data-element_type=\"widget\" data-widget_type=\"spacer.default\">\n\t\t\t\t<div class=\"elementor-widget-container\">\n\t\t\t\t\t\t\t<div class=\"elementor-spacer\">\n\t\t\t<div class=\"elementor-spacer-inner\"><\/div>\n\t\t<\/div>\n\t\t\t\t\t\t<\/div>\n\t\t\t\t<\/div>\n\t\t\t\t<div class=\"elementor-element elementor-element-8e1bf8c elementor-widget elementor-widget-heading\" data-id=\"8e1bf8c\" data-element_type=\"widget\" data-widget_type=\"heading.default\">\n\t\t\t\t<div class=\"elementor-widget-container\">\n\t\t\t\t\t<h2 class=\"elementor-heading-title elementor-size-default\">Les besoins d\u2019une peau s\u00e8che:   \u00eatre r\u00e9confort\u00e9es et apais\u00e9es avec des soins riches en corps gras\n<\/h2>\t\t\t\t<\/div>\n\t\t\t\t<\/div>\n\t\t\t\t\t<\/div>\n\t\t<\/div>\n\t\t\t\t\t<\/div>\n\t\t<\/section>\n\t\t\t\t<section class=\"elementor-section elementor-top-section elementor-element elementor-element-28d6f28 elementor-section-boxed elementor-section-height-default elementor-section-height-default\" data-id=\"28d6f28\" data-element_type=\"section\">\n\t\t\t\t\t\t<div class=\"elementor-container elementor-column-gap-default\">\n\t\t\t\t\t<div class=\"elementor-column elementor-col-50 elementor-top-column elementor-element elementor-element-6e7fe99\" data-id=\"6e7fe99\" data-element_type=\"column\">\n\t\t\t<div class=\"elementor-widget-wrap elementor-element-populated\">\n\t\t\t\t\t\t<div class=\"elementor-element elementor-element-40b8f20 elementor-widget elementor-widget-text-editor\" data-id=\"40b8f20\" data-element_type=\"widget\" data-widget_type=\"text-editor.default\">\n\t\t\t\t<div class=\"elementor-widget-container\">\n\t\t\t\t\t\t\t\t\t<p>Les peaux s\u00e8ches ont besoin de recevoir, en interne et par voie externe, les corps gras qui lui manquent.<\/p><p>Un ph\u00e9nom\u00e8ne de peau s\u00e8che doit absolument \u00eatre pris au s\u00e9rieux et trait\u00e9s car il est \u00e9volutif. D\u2019un tiraillement anodin, les sympt\u00f4mes peuvent \u00e9voluer vers des <b>d\u00e9mangeaisons<\/b> ou des <b>crevasses<\/b>, une peau <b>atopique<\/b>, des <b>dermites<\/b>, du <b>psoriasis<\/b> ou de <b>l\u2019exc\u00e9ma<\/b>.\u00a0<\/p>\t\t\t\t\t\t\t\t<\/div>\n\t\t\t\t<\/div>\n\t\t\t\t\t<\/div>\n\t\t<\/div>\n\t\t\t\t<div class=\"elementor-column elementor-col-50 elementor-top-column elementor-element elementor-element-595a370\" data-id=\"595a370\" data-element_type=\"column\">\n\t\t\t<div class=\"elementor-widget-wrap elementor-element-populated\">\n\t\t\t\t\t\t<div class=\"elementor-element elementor-element-d4a67ba elementor-widget elementor-widget-image\" data-id=\"d4a67ba\" data-element_type=\"widget\" data-widget_type=\"image.default\">\n\t\t\t\t<div class=\"elementor-widget-container\">\n\t\t\t\t\t\t\t\t\t\t\t\t\t\t\t<img loading=\"lazy\" decoding=\"async\" width=\"300\" height=\"300\" src=\"https:\/\/www.ekia-cosmetiques.com\/marque\/wp-content\/uploads\/2021\/03\/Insta-6-300x300.jpg\" class=\"attachment-medium size-medium wp-image-10295\" alt=\"actifs serum regenerant\" srcset=\"https:\/\/www.ekia-cosmetiques.com\/marque\/wp-content\/uploads\/2021\/03\/Insta-6-300x300.jpg 300w, https:\/\/www.ekia-cosmetiques.com\/marque\/wp-content\/uploads\/2021\/03\/Insta-6-1024x1024.jpg 1024w, https:\/\/www.ekia-cosmetiques.com\/marque\/wp-content\/uploads\/2021\/03\/Insta-6-150x150.jpg 150w, https:\/\/www.ekia-cosmetiques.com\/marque\/wp-content\/uploads\/2021\/03\/Insta-6-768x768.jpg 768w, https:\/\/www.ekia-cosmetiques.com\/marque\/wp-content\/uploads\/2021\/03\/Insta-6.jpg 1200w\" sizes=\"(max-width: 300px) 100vw, 300px\" \/>\t\t\t\t\t\t\t\t\t\t\t\t\t\t\t<\/div>\n\t\t\t\t<\/div>\n\t\t\t\t\t<\/div>\n\t\t<\/div>\n\t\t\t\t\t<\/div>\n\t\t<\/section>\n\t\t\t\t<section class=\"elementor-section elementor-top-section elementor-element elementor-element-b0fc444 elementor-section-boxed elementor-section-height-default elementor-section-height-default\" data-id=\"b0fc444\" data-element_type=\"section\">\n\t\t\t\t\t\t<div class=\"elementor-container elementor-column-gap-default\">\n\t\t\t\t\t<div class=\"elementor-column elementor-col-100 elementor-top-column elementor-element elementor-element-3b38a2b\" data-id=\"3b38a2b\" data-element_type=\"column\">\n\t\t\t<div class=\"elementor-widget-wrap elementor-element-populated\">\n\t\t\t\t\t\t<div class=\"elementor-element elementor-element-1a52992 elementor-widget elementor-widget-heading\" data-id=\"1a52992\" data-element_type=\"widget\" data-widget_type=\"heading.default\">\n\t\t\t\t<div class=\"elementor-widget-container\">\n\t\t\t\t\t<h2 class=\"elementor-heading-title elementor-size-default\">Quels sont les causes d\u2019une peau s\u00e8che? \n<\/h2>\t\t\t\t<\/div>\n\t\t\t\t<\/div>\n\t\t\t\t\t<\/div>\n\t\t<\/div>\n\t\t\t\t\t<\/div>\n\t\t<\/section>\n\t\t\t\t<section class=\"elementor-section elementor-top-section elementor-element elementor-element-744bcea elementor-section-boxed elementor-section-height-default elementor-section-height-default\" data-id=\"744bcea\" data-element_type=\"section\">\n\t\t\t\t\t\t<div class=\"elementor-container elementor-column-gap-default\">\n\t\t\t\t\t<div class=\"elementor-column elementor-col-100 elementor-top-column elementor-element elementor-element-0fb760c\" data-id=\"0fb760c\" data-element_type=\"column\">\n\t\t\t<div class=\"elementor-widget-wrap elementor-element-populated\">\n\t\t\t\t\t\t<div class=\"elementor-element elementor-element-c5b27f7 elementor-widget elementor-widget-text-editor\" data-id=\"c5b27f7\" data-element_type=\"widget\" data-widget_type=\"text-editor.default\">\n\t\t\t\t<div class=\"elementor-widget-container\">\n\t\t\t\t\t\t\t\t\t<p>Pour r\u00e9sumer, <b>2 diff\u00e9rents ph\u00e9nom\u00e8nes sont responsables d\u2019une peau s\u00e8che :\u00a0<\/b><\/p><p><b>Le manque de production de s\u00e9bum par la glande s\u00e9bac\u00e9e<\/b> o<span style=\"font-size: 1rem;\">u <b>une anomalie du processus de relipidation <\/b>qui induit une mauvaise synth\u00e9tisation des lipides. Ecoutez la fondatrice d\u2019Ekia et la formatrice de la marque expliquer le ph\u00e9nom\u00e8ne :<\/span><\/p>\t\t\t\t\t\t\t\t<\/div>\n\t\t\t\t<\/div>\n\t\t\t\t<div class=\"elementor-element elementor-element-db50584 elementor-widget elementor-widget-video\" data-id=\"db50584\" data-element_type=\"widget\" data-settings=\"{&quot;youtube_url&quot;:&quot;https:\\\/\\\/youtu.be\\\/Cna-IJR-j0A&quot;,&quot;video_type&quot;:&quot;youtube&quot;,&quot;controls&quot;:&quot;yes&quot;}\" data-widget_type=\"video.default\">\n\t\t\t\t<div class=\"elementor-widget-container\">\n\t\t\t\t\t\t\t<div class=\"elementor-wrapper elementor-open-inline\">\n\t\t\t<div class=\"elementor-video\"><\/div>\t\t<\/div>\n\t\t\t\t\t\t<\/div>\n\t\t\t\t<\/div>\n\t\t\t\t\t<\/div>\n\t\t<\/div>\n\t\t\t\t\t<\/div>\n\t\t<\/section>\n\t\t\t\t<section class=\"elementor-section elementor-top-section elementor-element elementor-element-a01f3ad elementor-section-boxed elementor-section-height-default elementor-section-height-default\" data-id=\"a01f3ad\" data-element_type=\"section\">\n\t\t\t\t\t\t<div class=\"elementor-container elementor-column-gap-default\">\n\t\t\t\t\t<div class=\"elementor-column elementor-col-100 elementor-top-column elementor-element elementor-element-f942693\" data-id=\"f942693\" data-element_type=\"column\">\n\t\t\t<div class=\"elementor-widget-wrap elementor-element-populated\">\n\t\t\t\t\t\t<div class=\"elementor-element elementor-element-3de2823 elementor-widget elementor-widget-spacer\" data-id=\"3de2823\" data-element_type=\"widget\" data-widget_type=\"spacer.default\">\n\t\t\t\t<div class=\"elementor-widget-container\">\n\t\t\t\t\t\t\t<div class=\"elementor-spacer\">\n\t\t\t<div class=\"elementor-spacer-inner\"><\/div>\n\t\t<\/div>\n\t\t\t\t\t\t<\/div>\n\t\t\t\t<\/div>\n\t\t\t\t<div class=\"elementor-element elementor-element-2905a47 elementor-widget elementor-widget-heading\" data-id=\"2905a47\" data-element_type=\"widget\" data-widget_type=\"heading.default\">\n\t\t\t\t<div class=\"elementor-widget-container\">\n\t\t\t\t\t<h2 class=\"elementor-heading-title elementor-size-default\">Les facteurs internes  d\u2019une peau s\u00e8che \n<\/h2>\t\t\t\t<\/div>\n\t\t\t\t<\/div>\n\t\t\t\t\t<\/div>\n\t\t<\/div>\n\t\t\t\t\t<\/div>\n\t\t<\/section>\n\t\t\t\t<section class=\"elementor-section elementor-top-section elementor-element elementor-element-47cb99f elementor-section-boxed elementor-section-height-default elementor-section-height-default\" data-id=\"47cb99f\" data-element_type=\"section\">\n\t\t\t\t\t\t<div class=\"elementor-container elementor-column-gap-default\">\n\t\t\t\t\t<div class=\"elementor-column elementor-col-100 elementor-top-column elementor-element elementor-element-6749101\" data-id=\"6749101\" data-element_type=\"column\">\n\t\t\t<div class=\"elementor-widget-wrap elementor-element-populated\">\n\t\t\t\t\t\t<section class=\"elementor-section elementor-inner-section elementor-element elementor-element-8a92ca1 elementor-section-boxed elementor-section-height-default elementor-section-height-default\" data-id=\"8a92ca1\" data-element_type=\"section\">\n\t\t\t\t\t\t<div class=\"elementor-container elementor-column-gap-wide\">\n\t\t\t\t\t<div class=\"elementor-column elementor-col-50 elementor-inner-column elementor-element elementor-element-f9d28bb\" data-id=\"f9d28bb\" data-element_type=\"column\">\n\t\t\t<div class=\"elementor-widget-wrap elementor-element-populated\">\n\t\t\t\t\t\t<div class=\"elementor-element elementor-element-e5ebaf6 elementor-widget elementor-widget-text-editor\" data-id=\"e5ebaf6\" data-element_type=\"widget\" data-widget_type=\"text-editor.default\">\n\t\t\t\t<div class=\"elementor-widget-container\">\n\t\t\t\t\t\t\t\t\t<ul><li><strong>Pr\u00e9disposition g\u00e9n\u00e9tiques<\/strong><\/li><\/ul><p>Chaque personne a un patrimoine g\u00e9n\u00e9tique unique. Certains individus auront des taux de lipides diff\u00e9rents. Les personnes \u00e0 la peau claire sont plus sujettes \u00e0 la s\u00e9cheresse cutan\u00e9e que les personnes \u00e0 la peau plus fonc\u00e9e. De plus, certaines maladies telles que la dermatite atopique, le psoriasis,\u2026 ont souvent un caract\u00e8re h\u00e9r\u00e9ditaire.<\/p><ul><li><strong>Influence hormonale<\/strong><\/li><\/ul><p>Le taux de certaines hormones varie, au cours de l\u2019adolescence et de la m\u00e9nopause ce qui peut bouleverser l\u2019\u00e9quilibre lipidique de la peau. Durant la m\u00e9nopause, la quantit\u00e9 d\u2019\u0153strog\u00e8nes dans le corps est r\u00e9duite, et cela a une influence sur la production de s\u00e9bum par la glande s\u00e9bac\u00e9e.<\/p>\t\t\t\t\t\t\t\t<\/div>\n\t\t\t\t<\/div>\n\t\t\t\t\t<\/div>\n\t\t<\/div>\n\t\t\t\t<div class=\"elementor-column elementor-col-50 elementor-inner-column elementor-element elementor-element-ac7f463\" data-id=\"ac7f463\" data-element_type=\"column\">\n\t\t\t<div class=\"elementor-widget-wrap elementor-element-populated\">\n\t\t\t\t\t\t<div class=\"elementor-element elementor-element-068cb0e elementor-widget elementor-widget-text-editor\" data-id=\"068cb0e\" data-element_type=\"widget\" data-widget_type=\"text-editor.default\">\n\t\t\t\t<div class=\"elementor-widget-container\">\n\t\t\t\t\t\t\t\t\t<ul><li><strong>Alimentation<\/strong><\/li><\/ul><p>Pour remplir correctement son r\u00f4le, la peau doit recevoir des apports en nutriments, acides gras insatur\u00e9s et vitamines. Une carence en un seul de ces \u00e9l\u00e9ments contribue au dess\u00e8chement de la peau.<\/p><ul><li><strong>Vieillissement solaire<\/strong><\/li><\/ul><p>Une exposition trop longue et non prot\u00e9g\u00e9e aux rayons UV peut acc\u00e9l\u00e9rer le processus du vieillissement, entrainant l\u2019apparition pr\u00e9matur\u00e9e de rides et de ridules.<\/p><ul><li><strong>\u00c2ge<\/strong><\/li><\/ul><p>La peau perd sa capacit\u00e9 \u00e0 transpirer et \u00e0 produire des lipides car les fonctions des glandes s\u00e9bac\u00e9es et sudorales se r\u00e9duisent.<\/p>\t\t\t\t\t\t\t\t<\/div>\n\t\t\t\t<\/div>\n\t\t\t\t\t<\/div>\n\t\t<\/div>\n\t\t\t\t\t<\/div>\n\t\t<\/section>\n\t\t\t\t<div class=\"elementor-element elementor-element-29a6737 elementor-widget elementor-widget-spacer\" data-id=\"29a6737\" data-element_type=\"widget\" data-widget_type=\"spacer.default\">\n\t\t\t\t<div class=\"elementor-widget-container\">\n\t\t\t\t\t\t\t<div class=\"elementor-spacer\">\n\t\t\t<div class=\"elementor-spacer-inner\"><\/div>\n\t\t<\/div>\n\t\t\t\t\t\t<\/div>\n\t\t\t\t<\/div>\n\t\t\t\t<div class=\"elementor-element elementor-element-85da575 elementor-widget elementor-widget-heading\" data-id=\"85da575\" data-element_type=\"widget\" data-widget_type=\"heading.default\">\n\t\t\t\t<div class=\"elementor-widget-container\">\n\t\t\t\t\t<h2 class=\"elementor-heading-title elementor-size-default\">Les facteurs externes  aggravant la peau s\u00e8che \n<\/h2>\t\t\t\t<\/div>\n\t\t\t\t<\/div>\n\t\t\t\t<section class=\"elementor-section elementor-inner-section elementor-element elementor-element-2a6cf60 elementor-section-full_width elementor-section-height-default elementor-section-height-default\" data-id=\"2a6cf60\" data-element_type=\"section\">\n\t\t\t\t\t\t<div class=\"elementor-container elementor-column-gap-wide\">\n\t\t\t\t\t<div class=\"elementor-column elementor-col-50 elementor-inner-column elementor-element elementor-element-abf7ab5\" data-id=\"abf7ab5\" data-element_type=\"column\">\n\t\t\t<div class=\"elementor-widget-wrap elementor-element-populated\">\n\t\t\t\t\t\t<div class=\"elementor-element elementor-element-fd712fd elementor-widget elementor-widget-text-editor\" data-id=\"fd712fd\" data-element_type=\"widget\" data-widget_type=\"text-editor.default\">\n\t\t\t\t<div class=\"elementor-widget-container\">\n\t\t\t\t\t\t\t\t\t<ul><li><strong>Tabac<\/strong><\/li><\/ul><p>Les toxines contenues dans la cigarette, dont la nicotine, peuvent r\u00e9duire le flux sanguin. Cela a pour cons\u00e9quence le ralentissement du m\u00e9tabolisme de la peau.<\/p><ul><li><strong>Traitements m\u00e9dicamenteux<\/strong><\/li><\/ul><p>Certains ont pour effets secondaires de modifier l\u2019\u00e9quilibre lipidique de la peau.<\/p><ul><li><strong>Soins visage inadapt\u00e9s<\/strong><\/li><\/ul><p>Si les soins ne sont pas appropri\u00e9s, l\u2019\u00e9tat de peau risque plus de s\u2019aggraver que de conna\u00eetre une am\u00e9lioration.\u00a0<\/p><ul><li><strong>Variations saisonni\u00e8res<\/strong><\/li><\/ul><p>Les sympt\u00f4mes de s\u00e9cheresse cutan\u00e9e sont plus fr\u00e9quents pendant les mois d\u2019hiver.<\/p>\t\t\t\t\t\t\t\t<\/div>\n\t\t\t\t<\/div>\n\t\t\t\t\t<\/div>\n\t\t<\/div>\n\t\t\t\t<div class=\"elementor-column elementor-col-50 elementor-inner-column elementor-element elementor-element-bfddca7\" data-id=\"bfddca7\" data-element_type=\"column\">\n\t\t\t<div class=\"elementor-widget-wrap elementor-element-populated\">\n\t\t\t\t\t\t<div class=\"elementor-element elementor-element-ca05897 elementor-widget elementor-widget-text-editor\" data-id=\"ca05897\" data-element_type=\"widget\" data-widget_type=\"text-editor.default\">\n\t\t\t\t<div class=\"elementor-widget-container\">\n\t\t\t\t\t\t\t\t\t<ul><li><strong style=\"font-size: 1rem;\">Lavages fr\u00e9quents\u00a0<\/strong><\/li><\/ul><p>Douches et bains longs et chauds \u00e9liminent les lipides qui forment la barri\u00e8re cutan\u00e9e.<\/p><ul><li><strong>Conditions climatiques difficiles<\/strong><\/li><\/ul><p>Air chaud, froid et sec.<\/p><ul><li><strong>Rayons ultraviolets (UV)<\/strong><\/li><\/ul><p>Exposition excessive au soleil peut dess\u00e9cher la peau.<\/p><ul><li><strong>Expositions particuli\u00e8res de certaines activit\u00e9s et professions<\/strong><\/li><\/ul><p>Certaines activit\u00e9s exposent \u00e0 des conditions qui peuvent entra\u00eener une s\u00e9cheresse cutan\u00e9e du visage (sports en plein air, jardinage,\u2026).<\/p>\t\t\t\t\t\t\t\t<\/div>\n\t\t\t\t<\/div>\n\t\t\t\t\t<\/div>\n\t\t<\/div>\n\t\t\t\t\t<\/div>\n\t\t<\/section>\n\t\t\t\t<div class=\"elementor-element elementor-element-d3d0e56 elementor-widget elementor-widget-spacer\" data-id=\"d3d0e56\" data-element_type=\"widget\" data-widget_type=\"spacer.default\">\n\t\t\t\t<div class=\"elementor-widget-container\">\n\t\t\t\t\t\t\t<div class=\"elementor-spacer\">\n\t\t\t<div class=\"elementor-spacer-inner\"><\/div>\n\t\t<\/div>\n\t\t\t\t\t\t<\/div>\n\t\t\t\t<\/div>\n\t\t\t\t<div class=\"elementor-element elementor-element-b8b118c elementor-widget-divider--view-line elementor-widget elementor-widget-divider\" data-id=\"b8b118c\" data-element_type=\"widget\" data-widget_type=\"divider.default\">\n\t\t\t\t<div class=\"elementor-widget-container\">\n\t\t\t\t\t\t\t<div class=\"elementor-divider\">\n\t\t\t<span class=\"elementor-divider-separator\">\n\t\t\t\t\t\t<\/span>\n\t\t<\/div>\n\t\t\t\t\t\t<\/div>\n\t\t\t\t<\/div>\n\t\t\t\t<div class=\"elementor-element elementor-element-ee8bc94 elementor-widget elementor-widget-heading\" data-id=\"ee8bc94\" data-element_type=\"widget\" data-widget_type=\"heading.default\">\n\t\t\t\t<div class=\"elementor-widget-container\">\n\t\t\t\t\t<h2 class=\"elementor-heading-title elementor-size-default\">La peau s\u00e8che : un type de peau ET un signe de l\u2019\u00e2ge\n<\/h2>\t\t\t\t<\/div>\n\t\t\t\t<\/div>\n\t\t\t\t<div class=\"elementor-element elementor-element-06b2b64 elementor-widget elementor-widget-text-editor\" data-id=\"06b2b64\" data-element_type=\"widget\" data-widget_type=\"text-editor.default\">\n\t\t\t\t<div class=\"elementor-widget-container\">\n\t\t\t\t\t\t\t\t\t<p>Ce manque de lipides et de production de s\u00e9bum peut \u00eatre <b>d\u2019origine g\u00e9n\u00e9tique,<\/b> c\u2019est le mode de fonctionnement inh\u00e9rent de la peau : dans ce cas, c\u2019est un type de peau qui vous suit depuis que vous \u00eates enfant ou presque.<\/p><p>Mais c\u2019est aussi <b>un ph\u00e9nom\u00e8ne qui s\u2019aggrave avec l\u2019\u00e2ge et les carences hormonales.<\/b> Le taux de peau s\u00e8che passe de 40% avant 50 ans \u00e0 90% apr\u00e8s !<\/p>\t\t\t\t\t\t\t\t<\/div>\n\t\t\t\t<\/div>\n\t\t\t\t<section class=\"elementor-section elementor-inner-section elementor-element elementor-element-25950f9 elementor-section-boxed elementor-section-height-default elementor-section-height-default\" data-id=\"25950f9\" data-element_type=\"section\">\n\t\t\t\t\t\t<div class=\"elementor-container elementor-column-gap-default\">\n\t\t\t\t\t<div class=\"elementor-column elementor-col-50 elementor-inner-column elementor-element elementor-element-0fa7f85\" data-id=\"0fa7f85\" data-element_type=\"column\">\n\t\t\t<div class=\"elementor-widget-wrap elementor-element-populated\">\n\t\t\t\t\t\t<div class=\"elementor-element elementor-element-7e99b7c elementor-widget elementor-widget-heading\" data-id=\"7e99b7c\" data-element_type=\"widget\" data-widget_type=\"heading.default\">\n\t\t\t\t<div class=\"elementor-widget-container\">\n\t\t\t\t\t<h2 class=\"elementor-heading-title elementor-size-default\">Peau S\u00e8che =\n 40% des femmes avant 50 ans\n<\/h2>\t\t\t\t<\/div>\n\t\t\t\t<\/div>\n\t\t\t\t<div class=\"elementor-element elementor-element-eb82f20 elementor-widget elementor-widget-image\" data-id=\"eb82f20\" data-element_type=\"widget\" data-widget_type=\"image.default\">\n\t\t\t\t<div class=\"elementor-widget-container\">\n\t\t\t\t\t\t\t\t\t\t\t\t\t\t\t<img loading=\"lazy\" decoding=\"async\" width=\"800\" height=\"534\" src=\"https:\/\/www.ekia-cosmetiques.com\/marque\/wp-content\/uploads\/2021\/03\/creme-o-1024x683.jpeg\" class=\"attachment-large size-large wp-image-10312\" alt=\"\" srcset=\"https:\/\/www.ekia-cosmetiques.com\/marque\/wp-content\/uploads\/2021\/03\/creme-o-1024x683.jpeg 1024w, https:\/\/www.ekia-cosmetiques.com\/marque\/wp-content\/uploads\/2021\/03\/creme-o-300x200.jpeg 300w, https:\/\/www.ekia-cosmetiques.com\/marque\/wp-content\/uploads\/2021\/03\/creme-o-768x512.jpeg 768w, https:\/\/www.ekia-cosmetiques.com\/marque\/wp-content\/uploads\/2021\/03\/creme-o-1536x1024.jpeg 1536w, https:\/\/www.ekia-cosmetiques.com\/marque\/wp-content\/uploads\/2021\/03\/creme-o-2048x1365.jpeg 2048w\" sizes=\"(max-width: 800px) 100vw, 800px\" \/>\t\t\t\t\t\t\t\t\t\t\t\t\t\t\t<\/div>\n\t\t\t\t<\/div>\n\t\t\t\t\t<\/div>\n\t\t<\/div>\n\t\t\t\t<div class=\"elementor-column elementor-col-50 elementor-inner-column elementor-element elementor-element-95ddff7\" data-id=\"95ddff7\" data-element_type=\"column\">\n\t\t\t<div class=\"elementor-widget-wrap elementor-element-populated\">\n\t\t\t\t\t\t<div class=\"elementor-element elementor-element-e4adf5a elementor-widget elementor-widget-heading\" data-id=\"e4adf5a\" data-element_type=\"widget\" data-widget_type=\"heading.default\">\n\t\t\t\t<div class=\"elementor-widget-container\">\n\t\t\t\t\t<h2 class=\"elementor-heading-title elementor-size-default\">Peau S\u00e8che =\n 90% des femmes apr\u00e8s 50 ans\n\n<\/h2>\t\t\t\t<\/div>\n\t\t\t\t<\/div>\n\t\t\t\t<div class=\"elementor-element elementor-element-b2e2ef2 elementor-widget elementor-widget-image\" data-id=\"b2e2ef2\" data-element_type=\"widget\" data-widget_type=\"image.default\">\n\t\t\t\t<div class=\"elementor-widget-container\">\n\t\t\t\t\t\t\t\t\t\t\t\t\t\t\t<img loading=\"lazy\" decoding=\"async\" width=\"800\" height=\"534\" src=\"https:\/\/www.ekia-cosmetiques.com\/marque\/wp-content\/uploads\/2021\/03\/AdobeStock_192486132-1024x683.jpeg\" class=\"attachment-large size-large wp-image-10313\" alt=\"femme senior\" srcset=\"https:\/\/www.ekia-cosmetiques.com\/marque\/wp-content\/uploads\/2021\/03\/AdobeStock_192486132-1024x683.jpeg 1024w, https:\/\/www.ekia-cosmetiques.com\/marque\/wp-content\/uploads\/2021\/03\/AdobeStock_192486132-300x200.jpeg 300w, https:\/\/www.ekia-cosmetiques.com\/marque\/wp-content\/uploads\/2021\/03\/AdobeStock_192486132-768x513.jpeg 768w, https:\/\/www.ekia-cosmetiques.com\/marque\/wp-content\/uploads\/2021\/03\/AdobeStock_192486132-1536x1025.jpeg 1536w, https:\/\/www.ekia-cosmetiques.com\/marque\/wp-content\/uploads\/2021\/03\/AdobeStock_192486132-2048x1367.jpeg 2048w\" sizes=\"(max-width: 800px) 100vw, 800px\" \/>\t\t\t\t\t\t\t\t\t\t\t\t\t\t\t<\/div>\n\t\t\t\t<\/div>\n\t\t\t\t\t<\/div>\n\t\t<\/div>\n\t\t\t\t\t<\/div>\n\t\t<\/section>\n\t\t\t\t<div class=\"elementor-element elementor-element-085925c elementor-widget elementor-widget-text-editor\" data-id=\"085925c\" data-element_type=\"widget\" data-widget_type=\"text-editor.default\">\n\t\t\t\t<div class=\"elementor-widget-container\">\n\t\t\t\t\t\t\t\t\t<p><strong>Pourquoi ?\u00a0<\/strong><\/p><p>Les carences hormonales engendrent plusieurs dysfonctionnements responsables d\u2019un dess\u00e9chement de la peau et ce \u00e0 tous les niveaux :<\/p><p><u>Dans l\u2019\u00e9piderme :<\/u><\/p><ul><li>Les k\u00e9ratinocytes produisent moins de FNH (facteur naturels d\u2019hydratation) qui sont des mol\u00e9cules hydrophiles et donnent \u00e0 la peau sa capacit\u00e9 \u00e0 fixer l\u2019eau. Ils peuvent contenir jusqu\u2019\u00e0 10 \u00e0 20% d\u2019eau quand ils fonctionnent bien.<\/li><li>Des anomalies du processus de relipidation induisent une mauvaises synth\u00e9tisation des lipides et donc une peau qui manque de corps gras.<\/li><\/ul><p><span style=\"font-size: 1rem;\"><br \/><u>Dans le derme :<\/u><\/span><\/p><ul><li>La baisse de production d\u2019hormones rendent la glande s\u00e9bac\u00e9e moins efficace et donc diminuent la production de s\u00e9bum.<\/li><\/ul><p><br \/><u>Au niveau de l\u2019hypoderme :<\/u><\/p><ul><li>Les cellules qui stockent les lipides r\u00e9tr\u00e9cissent et leur nombre s\u2019amenuise.<\/li><\/ul>\t\t\t\t\t\t\t\t<\/div>\n\t\t\t\t<\/div>\n\t\t\t\t<div class=\"elementor-element elementor-element-a319af2 elementor-widget elementor-widget-spacer\" data-id=\"a319af2\" data-element_type=\"widget\" data-widget_type=\"spacer.default\">\n\t\t\t\t<div class=\"elementor-widget-container\">\n\t\t\t\t\t\t\t<div class=\"elementor-spacer\">\n\t\t\t<div class=\"elementor-spacer-inner\"><\/div>\n\t\t<\/div>\n\t\t\t\t\t\t<\/div>\n\t\t\t\t<\/div>\n\t\t\t\t<div class=\"elementor-element elementor-element-0a55c71 elementor-widget-divider--view-line elementor-widget elementor-widget-divider\" data-id=\"0a55c71\" data-element_type=\"widget\" data-widget_type=\"divider.default\">\n\t\t\t\t<div class=\"elementor-widget-container\">\n\t\t\t\t\t\t\t<div class=\"elementor-divider\">\n\t\t\t<span class=\"elementor-divider-separator\">\n\t\t\t\t\t\t<\/span>\n\t\t<\/div>\n\t\t\t\t\t\t<\/div>\n\t\t\t\t<\/div>\n\t\t\t\t<div class=\"elementor-element elementor-element-edf1949 elementor-widget elementor-widget-heading\" data-id=\"edf1949\" data-element_type=\"widget\" data-widget_type=\"heading.default\">\n\t\t\t\t<div class=\"elementor-widget-container\">\n\t\t\t\t\t<h2 class=\"elementor-heading-title elementor-size-default\">Pourquoi une peau s\u00e8che a-t-elle plus de risque d\u2019\u00eatre sensible et r\u00e9active?\n<\/h2>\t\t\t\t<\/div>\n\t\t\t\t<\/div>\n\t\t\t\t<section class=\"elementor-section elementor-inner-section elementor-element elementor-element-8c2a4cd elementor-section-boxed elementor-section-height-default elementor-section-height-default\" data-id=\"8c2a4cd\" data-element_type=\"section\">\n\t\t\t\t\t\t<div class=\"elementor-container elementor-column-gap-default\">\n\t\t\t\t\t<div class=\"elementor-column elementor-col-100 elementor-inner-column elementor-element elementor-element-a4891d8\" data-id=\"a4891d8\" data-element_type=\"column\">\n\t\t\t<div class=\"elementor-widget-wrap elementor-element-populated\">\n\t\t\t\t\t\t<div class=\"elementor-element elementor-element-d9ffb21 elementor-widget elementor-widget-text-editor\" data-id=\"d9ffb21\" data-element_type=\"widget\" data-widget_type=\"text-editor.default\">\n\t\t\t\t<div class=\"elementor-widget-container\">\n\t\t\t\t\t\t\t\t\t<p><b>Pour 3 raisons principales :<\/b><\/p><p>1- Le film hydrolipidique de la peau est <b>alt\u00e9r\u00e9<\/b> et la peau ne joue plus compl\u00e8tement sa <b>fonction barri\u00e8re <\/b>: elle filtre moins les agresseurs ext\u00e9rieurs qui p\u00e9n\u00e8trent mieux dans la peau et provoque ensuite des r\u00e9actions inflammatoires de types rougeurs et autres inflammations plus graves.<\/p><p>2 \u2013 le <b>d\u00e9r\u00e8glement<\/b> des cellules de Langerhans, ce sont les sentinelles de le peau : si elles sont trop stimul\u00e9es par des agressions ext\u00e9rieures, elle se mettent \u00e0 surfonctionner et cr\u00e9ent des r\u00e9actions inflammatoires disproportionn\u00e9es.<\/p><p>3 \u2013 L\u2019\u00e9piderme des peaux s\u00e8ches est <b>plus fin<\/b> et la micro-circulation n\u2019est pas optimale : un ph\u00e9nom\u00e8ne de\u00a0 <b>couperose<\/b> peut appara\u00eetre<\/p>\t\t\t\t\t\t\t\t<\/div>\n\t\t\t\t<\/div>\n\t\t\t\t\t<\/div>\n\t\t<\/div>\n\t\t\t\t\t<\/div>\n\t\t<\/section>\n\t\t\t\t<section class=\"elementor-section elementor-inner-section elementor-element elementor-element-0c15dc3 elementor-section-boxed elementor-section-height-default elementor-section-height-default\" data-id=\"0c15dc3\" data-element_type=\"section\">\n\t\t\t\t\t\t<div class=\"elementor-container elementor-column-gap-default\">\n\t\t\t\t\t<div class=\"elementor-column elementor-col-33 elementor-inner-column elementor-element elementor-element-dfad99b\" data-id=\"dfad99b\" data-element_type=\"column\">\n\t\t\t<div class=\"elementor-widget-wrap elementor-element-populated\">\n\t\t\t\t\t\t<div class=\"elementor-element elementor-element-7c31dba elementor-widget elementor-widget-image\" data-id=\"7c31dba\" data-element_type=\"widget\" data-widget_type=\"image.default\">\n\t\t\t\t<div class=\"elementor-widget-container\">\n\t\t\t\t\t\t\t\t\t\t\t\t\t\t\t<img loading=\"lazy\" decoding=\"async\" width=\"800\" height=\"532\" src=\"https:\/\/www.ekia-cosmetiques.com\/marque\/wp-content\/uploads\/2021\/03\/peau-seche-atopique-1024x681.jpeg\" class=\"attachment-large size-large wp-image-10296\" alt=\"\" srcset=\"https:\/\/www.ekia-cosmetiques.com\/marque\/wp-content\/uploads\/2021\/03\/peau-seche-atopique-1024x681.jpeg 1024w, https:\/\/www.ekia-cosmetiques.com\/marque\/wp-content\/uploads\/2021\/03\/peau-seche-atopique-300x199.jpeg 300w, https:\/\/www.ekia-cosmetiques.com\/marque\/wp-content\/uploads\/2021\/03\/peau-seche-atopique-768x511.jpeg 768w, https:\/\/www.ekia-cosmetiques.com\/marque\/wp-content\/uploads\/2021\/03\/peau-seche-atopique-1536x1021.jpeg 1536w, https:\/\/www.ekia-cosmetiques.com\/marque\/wp-content\/uploads\/2021\/03\/peau-seche-atopique-2048x1362.jpeg 2048w\" sizes=\"(max-width: 800px) 100vw, 800px\" \/>\t\t\t\t\t\t\t\t\t\t\t\t\t\t\t<\/div>\n\t\t\t\t<\/div>\n\t\t\t\t\t<\/div>\n\t\t<\/div>\n\t\t\t\t<div class=\"elementor-column elementor-col-33 elementor-inner-column elementor-element elementor-element-22f0675\" data-id=\"22f0675\" data-element_type=\"column\">\n\t\t\t<div class=\"elementor-widget-wrap elementor-element-populated\">\n\t\t\t\t\t\t<div class=\"elementor-element elementor-element-67c64fa elementor-widget elementor-widget-image\" data-id=\"67c64fa\" data-element_type=\"widget\" data-widget_type=\"image.default\">\n\t\t\t\t<div class=\"elementor-widget-container\">\n\t\t\t\t\t\t\t\t\t\t\t\t\t\t\t<img loading=\"lazy\" decoding=\"async\" width=\"800\" height=\"534\" src=\"https:\/\/www.ekia-cosmetiques.com\/marque\/wp-content\/uploads\/2021\/03\/peau-reactive-1024x683.jpeg\" class=\"attachment-large size-large wp-image-10298\" alt=\"\" srcset=\"https:\/\/www.ekia-cosmetiques.com\/marque\/wp-content\/uploads\/2021\/03\/peau-reactive-1024x683.jpeg 1024w, https:\/\/www.ekia-cosmetiques.com\/marque\/wp-content\/uploads\/2021\/03\/peau-reactive-300x200.jpeg 300w, https:\/\/www.ekia-cosmetiques.com\/marque\/wp-content\/uploads\/2021\/03\/peau-reactive-768x512.jpeg 768w, https:\/\/www.ekia-cosmetiques.com\/marque\/wp-content\/uploads\/2021\/03\/peau-reactive-1536x1024.jpeg 1536w, https:\/\/www.ekia-cosmetiques.com\/marque\/wp-content\/uploads\/2021\/03\/peau-reactive-2048x1365.jpeg 2048w\" sizes=\"(max-width: 800px) 100vw, 800px\" \/>\t\t\t\t\t\t\t\t\t\t\t\t\t\t\t<\/div>\n\t\t\t\t<\/div>\n\t\t\t\t\t<\/div>\n\t\t<\/div>\n\t\t\t\t<div class=\"elementor-column elementor-col-33 elementor-inner-column elementor-element elementor-element-64fbd56\" data-id=\"64fbd56\" data-element_type=\"column\">\n\t\t\t<div class=\"elementor-widget-wrap elementor-element-populated\">\n\t\t\t\t\t\t<div class=\"elementor-element elementor-element-cbfbaad elementor-widget elementor-widget-image\" data-id=\"cbfbaad\" data-element_type=\"widget\" data-widget_type=\"image.default\">\n\t\t\t\t<div class=\"elementor-widget-container\">\n\t\t\t\t\t\t\t\t\t\t\t\t\t\t\t<img loading=\"lazy\" decoding=\"async\" width=\"800\" height=\"534\" src=\"https:\/\/www.ekia-cosmetiques.com\/marque\/wp-content\/uploads\/2021\/03\/peau-reactive-2-1024x683.jpeg\" class=\"attachment-large size-large wp-image-10297\" alt=\"\" srcset=\"https:\/\/www.ekia-cosmetiques.com\/marque\/wp-content\/uploads\/2021\/03\/peau-reactive-2-1024x683.jpeg 1024w, https:\/\/www.ekia-cosmetiques.com\/marque\/wp-content\/uploads\/2021\/03\/peau-reactive-2-300x200.jpeg 300w, https:\/\/www.ekia-cosmetiques.com\/marque\/wp-content\/uploads\/2021\/03\/peau-reactive-2-768x512.jpeg 768w, https:\/\/www.ekia-cosmetiques.com\/marque\/wp-content\/uploads\/2021\/03\/peau-reactive-2-1536x1024.jpeg 1536w, https:\/\/www.ekia-cosmetiques.com\/marque\/wp-content\/uploads\/2021\/03\/peau-reactive-2-2048x1365.jpeg 2048w\" sizes=\"(max-width: 800px) 100vw, 800px\" \/>\t\t\t\t\t\t\t\t\t\t\t\t\t\t\t<\/div>\n\t\t\t\t<\/div>\n\t\t\t\t\t<\/div>\n\t\t<\/div>\n\t\t\t\t\t<\/div>\n\t\t<\/section>\n\t\t\t\t<div class=\"elementor-element elementor-element-a0c693a elementor-widget elementor-widget-spacer\" data-id=\"a0c693a\" data-element_type=\"widget\" data-widget_type=\"spacer.default\">\n\t\t\t\t<div class=\"elementor-widget-container\">\n\t\t\t\t\t\t\t<div class=\"elementor-spacer\">\n\t\t\t<div class=\"elementor-spacer-inner\"><\/div>\n\t\t<\/div>\n\t\t\t\t\t\t<\/div>\n\t\t\t\t<\/div>\n\t\t\t\t<div class=\"elementor-element elementor-element-851db4a elementor-widget elementor-widget-heading\" data-id=\"851db4a\" data-element_type=\"widget\" data-widget_type=\"heading.default\">\n\t\t\t\t<div class=\"elementor-widget-container\">\n\t\t\t\t\t<h2 class=\"elementor-heading-title elementor-size-default\">Le ph\u00e9nom\u00e8ne de peau s\u00e8che et irrit\u00e9e aggrav\u00e9 par le port du masque\n<\/h2>\t\t\t\t<\/div>\n\t\t\t\t<\/div>\n\t\t\t\t<section class=\"elementor-section elementor-inner-section elementor-element elementor-element-4da5ede elementor-section-boxed elementor-section-height-default elementor-section-height-default\" data-id=\"4da5ede\" data-element_type=\"section\">\n\t\t\t\t\t\t<div class=\"elementor-container elementor-column-gap-default\">\n\t\t\t\t\t<div class=\"elementor-column elementor-col-50 elementor-inner-column elementor-element elementor-element-256e7a8\" data-id=\"256e7a8\" data-element_type=\"column\">\n\t\t\t<div class=\"elementor-widget-wrap elementor-element-populated\">\n\t\t\t\t\t\t<div class=\"elementor-element elementor-element-59b2e6e elementor-widget elementor-widget-text-editor\" data-id=\"59b2e6e\" data-element_type=\"widget\" data-widget_type=\"text-editor.default\">\n\t\t\t\t<div class=\"elementor-widget-container\">\n\t\t\t\t\t\t\t\t\t<p>Le masque n&rsquo;arrange rien\u00a0puisqu&rsquo;il <b>alt\u00e8re le film hydrolipidique de la peau<\/b> et met en danger la fonction barri\u00e8re de la peau : elle est donc encore plus s\u00e8che, d\u00e9shydrat\u00e9e et de ce fait plus <b>vuln\u00e9rable aux agressions ext\u00e9rieures.<\/b><\/p>\t\t\t\t\t\t\t\t<\/div>\n\t\t\t\t<\/div>\n\t\t\t\t\t<\/div>\n\t\t<\/div>\n\t\t\t\t<div class=\"elementor-column elementor-col-50 elementor-inner-column elementor-element elementor-element-28ada1c\" data-id=\"28ada1c\" data-element_type=\"column\">\n\t\t\t<div class=\"elementor-widget-wrap elementor-element-populated\">\n\t\t\t\t\t\t<div class=\"elementor-element elementor-element-0f05e00 elementor-widget elementor-widget-image\" data-id=\"0f05e00\" data-element_type=\"widget\" data-widget_type=\"image.default\">\n\t\t\t\t<div class=\"elementor-widget-container\">\n\t\t\t\t\t\t\t\t\t\t\t\t\t\t\t<img loading=\"lazy\" decoding=\"async\" width=\"800\" height=\"534\" src=\"https:\/\/www.ekia-cosmetiques.com\/marque\/wp-content\/uploads\/2021\/03\/masque-et-yeux-1200-1200-1024x683.jpg\" class=\"attachment-large size-large wp-image-10314\" alt=\"masque\" srcset=\"https:\/\/www.ekia-cosmetiques.com\/marque\/wp-content\/uploads\/2021\/03\/masque-et-yeux-1200-1200-1024x683.jpg 1024w, https:\/\/www.ekia-cosmetiques.com\/marque\/wp-content\/uploads\/2021\/03\/masque-et-yeux-1200-1200-300x200.jpg 300w, https:\/\/www.ekia-cosmetiques.com\/marque\/wp-content\/uploads\/2021\/03\/masque-et-yeux-1200-1200-768x512.jpg 768w, https:\/\/www.ekia-cosmetiques.com\/marque\/wp-content\/uploads\/2021\/03\/masque-et-yeux-1200-1200.jpg 1200w\" sizes=\"(max-width: 800px) 100vw, 800px\" \/>\t\t\t\t\t\t\t\t\t\t\t\t\t\t\t<\/div>\n\t\t\t\t<\/div>\n\t\t\t\t\t<\/div>\n\t\t<\/div>\n\t\t\t\t\t<\/div>\n\t\t<\/section>\n\t\t\t\t<div class=\"elementor-element elementor-element-f04903e elementor-widget elementor-widget-spacer\" data-id=\"f04903e\" data-element_type=\"widget\" data-widget_type=\"spacer.default\">\n\t\t\t\t<div class=\"elementor-widget-container\">\n\t\t\t\t\t\t\t<div class=\"elementor-spacer\">\n\t\t\t<div class=\"elementor-spacer-inner\"><\/div>\n\t\t<\/div>\n\t\t\t\t\t\t<\/div>\n\t\t\t\t<\/div>\n\t\t\t\t<div class=\"elementor-element elementor-element-3097e58 elementor-widget-divider--view-line elementor-widget elementor-widget-divider\" data-id=\"3097e58\" data-element_type=\"widget\" data-widget_type=\"divider.default\">\n\t\t\t\t<div class=\"elementor-widget-container\">\n\t\t\t\t\t\t\t<div class=\"elementor-divider\">\n\t\t\t<span class=\"elementor-divider-separator\">\n\t\t\t\t\t\t<\/span>\n\t\t<\/div>\n\t\t\t\t\t\t<\/div>\n\t\t\t\t<\/div>\n\t\t\t\t<div class=\"elementor-element elementor-element-98aacc3 elementor-widget elementor-widget-heading\" data-id=\"98aacc3\" data-element_type=\"widget\" data-widget_type=\"heading.default\">\n\t\t\t\t<div class=\"elementor-widget-container\">\n\t\t\t\t\t<h2 class=\"elementor-heading-title elementor-size-default\">Le saviez-vous ?\n<\/h2>\t\t\t\t<\/div>\n\t\t\t\t<\/div>\n\t\t\t\t<section class=\"elementor-section elementor-inner-section elementor-element elementor-element-26c6507 elementor-section-boxed elementor-section-height-default elementor-section-height-default\" data-id=\"26c6507\" data-element_type=\"section\">\n\t\t\t\t\t\t<div class=\"elementor-container elementor-column-gap-default\">\n\t\t\t\t\t<div class=\"elementor-column elementor-col-50 elementor-inner-column elementor-element elementor-element-695df7f\" data-id=\"695df7f\" data-element_type=\"column\">\n\t\t\t<div class=\"elementor-widget-wrap elementor-element-populated\">\n\t\t\t\t\t\t<div class=\"elementor-element elementor-element-aa92770 elementor-widget elementor-widget-image\" data-id=\"aa92770\" data-element_type=\"widget\" data-widget_type=\"image.default\">\n\t\t\t\t<div class=\"elementor-widget-container\">\n\t\t\t\t\t\t\t\t\t\t\t\t\t\t\t<img loading=\"lazy\" decoding=\"async\" width=\"300\" height=\"300\" src=\"https:\/\/www.ekia-cosmetiques.com\/marque\/wp-content\/uploads\/2021\/03\/SharPei-3-300x300.jpg\" class=\"attachment-medium size-medium wp-image-10315\" alt=\"SharPei\" srcset=\"https:\/\/www.ekia-cosmetiques.com\/marque\/wp-content\/uploads\/2021\/03\/SharPei-3-300x300.jpg 300w, https:\/\/www.ekia-cosmetiques.com\/marque\/wp-content\/uploads\/2021\/03\/SharPei-3-150x150.jpg 150w, https:\/\/www.ekia-cosmetiques.com\/marque\/wp-content\/uploads\/2021\/03\/SharPei-3-768x768.jpg 768w, https:\/\/www.ekia-cosmetiques.com\/marque\/wp-content\/uploads\/2021\/03\/SharPei-3.jpg 800w\" sizes=\"(max-width: 300px) 100vw, 300px\" \/>\t\t\t\t\t\t\t\t\t\t\t\t\t\t\t<\/div>\n\t\t\t\t<\/div>\n\t\t\t\t\t<\/div>\n\t\t<\/div>\n\t\t\t\t<div class=\"elementor-column elementor-col-50 elementor-inner-column elementor-element elementor-element-b627881\" data-id=\"b627881\" data-element_type=\"column\">\n\t\t\t<div class=\"elementor-widget-wrap elementor-element-populated\">\n\t\t\t\t\t\t<div class=\"elementor-element elementor-element-43aa533 elementor-widget elementor-widget-text-editor\" data-id=\"43aa533\" data-element_type=\"widget\" data-widget_type=\"text-editor.default\">\n\t\t\t\t<div class=\"elementor-widget-container\">\n\t\t\t\t\t\t\t\t\t<p>Une peau s\u00e8che est <b>plus sujette \u00e0 la formation de ride<\/b>s car elle est moins souple, mais est moins soumise au rel\u00e2chement cutan\u00e9 car son \u00e9piderme plus l\u00e9ger subit moins l\u2019attraction terrestre !<\/p>\t\t\t\t\t\t\t\t<\/div>\n\t\t\t\t<\/div>\n\t\t\t\t\t<\/div>\n\t\t<\/div>\n\t\t\t\t\t<\/div>\n\t\t<\/section>\n\t\t\t\t<div class=\"elementor-element elementor-element-6ed9c87 elementor-widget elementor-widget-spacer\" data-id=\"6ed9c87\" data-element_type=\"widget\" data-widget_type=\"spacer.default\">\n\t\t\t\t<div class=\"elementor-widget-container\">\n\t\t\t\t\t\t\t<div class=\"elementor-spacer\">\n\t\t\t<div class=\"elementor-spacer-inner\"><\/div>\n\t\t<\/div>\n\t\t\t\t\t\t<\/div>\n\t\t\t\t<\/div>\n\t\t\t\t<div class=\"elementor-element elementor-element-e2cd842 elementor-widget-divider--view-line elementor-widget elementor-widget-divider\" data-id=\"e2cd842\" data-element_type=\"widget\" data-widget_type=\"divider.default\">\n\t\t\t\t<div class=\"elementor-widget-container\">\n\t\t\t\t\t\t\t<div class=\"elementor-divider\">\n\t\t\t<span class=\"elementor-divider-separator\">\n\t\t\t\t\t\t<\/span>\n\t\t<\/div>\n\t\t\t\t\t\t<\/div>\n\t\t\t\t<\/div>\n\t\t\t\t<div class=\"elementor-element elementor-element-1f65e12 elementor-widget elementor-widget-heading\" data-id=\"1f65e12\" data-element_type=\"widget\" data-widget_type=\"heading.default\">\n\t\t\t\t<div class=\"elementor-widget-container\">\n\t\t\t\t\t<h2 class=\"elementor-heading-title elementor-size-default\">Question bonus : comment faire la diff\u00e9rence entre une peau s\u00e8che et une peau d\u00e9shydrat\u00e9e ? \n<\/h2>\t\t\t\t<\/div>\n\t\t\t\t<\/div>\n\t\t\t\t<div class=\"elementor-element elementor-element-421092e elementor-widget elementor-widget-text-editor\" data-id=\"421092e\" data-element_type=\"widget\" data-widget_type=\"text-editor.default\">\n\t\t\t\t<div class=\"elementor-widget-container\">\n\t\t\t\t\t\t\t\t\t<p>Pas facile cette question ! Ecoutez \u00e0 nouveau Carine, la fondatrice d\u2019EKIA et V\u00e9ronique, la formatrice, expliquer les grandes diff\u00e9rences :<\/p>\t\t\t\t\t\t\t\t<\/div>\n\t\t\t\t<\/div>\n\t\t\t\t\t<\/div>\n\t\t<\/div>\n\t\t\t\t\t<\/div>\n\t\t<\/section>\n\t\t\t\t<section class=\"elementor-section elementor-top-section elementor-element elementor-element-a1eb385 elementor-section-boxed elementor-section-height-default elementor-section-height-default\" data-id=\"a1eb385\" data-element_type=\"section\">\n\t\t\t\t\t\t<div class=\"elementor-container elementor-column-gap-default\">\n\t\t\t\t\t<div class=\"elementor-column elementor-col-100 elementor-top-column elementor-element elementor-element-2d5c5c3\" data-id=\"2d5c5c3\" data-element_type=\"column\">\n\t\t\t<div class=\"elementor-widget-wrap elementor-element-populated\">\n\t\t\t\t\t\t<div class=\"elementor-element elementor-element-65d02fd elementor-widget elementor-widget-video\" data-id=\"65d02fd\" data-element_type=\"widget\" data-settings=\"{&quot;youtube_url&quot;:&quot;https:\\\/\\\/youtu.be\\\/3PY8UYK7VFM&quot;,&quot;video_type&quot;:&quot;youtube&quot;,&quot;controls&quot;:&quot;yes&quot;}\" data-widget_type=\"video.default\">\n\t\t\t\t<div class=\"elementor-widget-container\">\n\t\t\t\t\t\t\t<div class=\"elementor-wrapper elementor-open-inline\">\n\t\t\t<div class=\"elementor-video\"><\/div>\t\t<\/div>\n\t\t\t\t\t\t<\/div>\n\t\t\t\t<\/div>\n\t\t\t\t<div class=\"elementor-element elementor-element-e892302 elementor-widget elementor-widget-spacer\" data-id=\"e892302\" data-element_type=\"widget\" data-widget_type=\"spacer.default\">\n\t\t\t\t<div class=\"elementor-widget-container\">\n\t\t\t\t\t\t\t<div class=\"elementor-spacer\">\n\t\t\t<div class=\"elementor-spacer-inner\"><\/div>\n\t\t<\/div>\n\t\t\t\t\t\t<\/div>\n\t\t\t\t<\/div>\n\t\t\t\t<div class=\"elementor-element elementor-element-9d16e3e elementor-widget elementor-widget-heading\" data-id=\"9d16e3e\" data-element_type=\"widget\" data-widget_type=\"heading.default\">\n\t\t\t\t<div class=\"elementor-widget-container\">\n\t\t\t\t\t<h2 class=\"elementor-heading-title elementor-size-default\">Comment soigner une peau s\u00e8che?  <\/h2>\t\t\t\t<\/div>\n\t\t\t\t<\/div>\n\t\t\t\t<section class=\"elementor-section elementor-inner-section elementor-element elementor-element-9f051c1 elementor-section-boxed elementor-section-height-default elementor-section-height-default\" data-id=\"9f051c1\" data-element_type=\"section\">\n\t\t\t\t\t\t<div class=\"elementor-container elementor-column-gap-default\">\n\t\t\t\t\t<div class=\"elementor-column elementor-col-50 elementor-inner-column elementor-element elementor-element-f6ea76c\" data-id=\"f6ea76c\" data-element_type=\"column\">\n\t\t\t<div class=\"elementor-widget-wrap elementor-element-populated\">\n\t\t\t\t\t\t<div class=\"elementor-element elementor-element-0c3682b elementor-widget elementor-widget-text-editor\" data-id=\"0c3682b\" data-element_type=\"widget\" data-widget_type=\"text-editor.default\">\n\t\t\t\t<div class=\"elementor-widget-container\">\n\t\t\t\t\t\t\t\t\t<p>Une peau s\u00e8che a besoin de<b> soins riches en corps gras<\/b>, formul\u00e9s avec des actifs anti-inflammatoires et apaisants afin de la r\u00e9conforter, la r\u00e9parer et l\u2019apaiser<\/p><p>Elles doivent \u00eatre relipid\u00e9es et renutries, avec des soins <b>NATURELS<\/b>. En effet, une paraffine ou vaseline d\u00e9riv\u00e9e du p\u00e9trole vous donnera la sensation de graisser votre peau mais ce n\u2019est pas un corps gras efficace et actif <b>: au mieux il est neutre, au pire il est occlusif et emp\u00eache votre peau de respirer.<\/b><\/p><p>Une peau s\u00e8che ayant aussi tendance \u00e0 \u00eatre r\u00e9active et sensible, elle a \u00e9galement besoin de soins non agressifs, \u00e0 la composition propre, avec un minimum de conservateurs et de parfum qui permettent de limiter au maximum le risque d\u2019intol\u00e9rance.<\/p>\t\t\t\t\t\t\t\t<\/div>\n\t\t\t\t<\/div>\n\t\t\t\t\t<\/div>\n\t\t<\/div>\n\t\t\t\t<div class=\"elementor-column elementor-col-50 elementor-inner-column elementor-element elementor-element-b068c3b\" data-id=\"b068c3b\" data-element_type=\"column\">\n\t\t\t<div class=\"elementor-widget-wrap elementor-element-populated\">\n\t\t\t\t\t\t<div class=\"elementor-element elementor-element-fcc5fd7 elementor-widget elementor-widget-image\" data-id=\"fcc5fd7\" data-element_type=\"widget\" data-widget_type=\"image.default\">\n\t\t\t\t<div class=\"elementor-widget-container\">\n\t\t\t\t\t\t\t\t\t\t\t\t\t\t\t<img loading=\"lazy\" decoding=\"async\" width=\"800\" height=\"800\" src=\"https:\/\/www.ekia-cosmetiques.com\/marque\/wp-content\/uploads\/2021\/03\/Insta-5-1024x1024.jpg\" class=\"attachment-large size-large wp-image-10320\" alt=\"sacha inchi avocat\" srcset=\"https:\/\/www.ekia-cosmetiques.com\/marque\/wp-content\/uploads\/2021\/03\/Insta-5-1024x1024.jpg 1024w, https:\/\/www.ekia-cosmetiques.com\/marque\/wp-content\/uploads\/2021\/03\/Insta-5-300x300.jpg 300w, https:\/\/www.ekia-cosmetiques.com\/marque\/wp-content\/uploads\/2021\/03\/Insta-5-150x150.jpg 150w, https:\/\/www.ekia-cosmetiques.com\/marque\/wp-content\/uploads\/2021\/03\/Insta-5-768x768.jpg 768w, https:\/\/www.ekia-cosmetiques.com\/marque\/wp-content\/uploads\/2021\/03\/Insta-5.jpg 1200w\" sizes=\"(max-width: 800px) 100vw, 800px\" \/>\t\t\t\t\t\t\t\t\t\t\t\t\t\t\t<\/div>\n\t\t\t\t<\/div>\n\t\t\t\t\t<\/div>\n\t\t<\/div>\n\t\t\t\t\t<\/div>\n\t\t<\/section>\n\t\t\t\t<div class=\"elementor-element elementor-element-ad93118 elementor-widget elementor-widget-spacer\" data-id=\"ad93118\" data-element_type=\"widget\" data-widget_type=\"spacer.default\">\n\t\t\t\t<div class=\"elementor-widget-container\">\n\t\t\t\t\t\t\t<div class=\"elementor-spacer\">\n\t\t\t<div class=\"elementor-spacer-inner\"><\/div>\n\t\t<\/div>\n\t\t\t\t\t\t<\/div>\n\t\t\t\t<\/div>\n\t\t\t\t<div class=\"elementor-element elementor-element-7186768 elementor-widget elementor-widget-heading\" data-id=\"7186768\" data-element_type=\"widget\" data-widget_type=\"heading.default\">\n\t\t\t\t<div class=\"elementor-widget-container\">\n\t\t\t\t\t<h2 class=\"elementor-heading-title elementor-size-default\">Le S\u00e9rum R\u00e9g\u00e9n\u00e9rant EKIA, un alli\u00e9 pour les peaux s\u00e8ches et fragiles.\n<\/h2>\t\t\t\t<\/div>\n\t\t\t\t<\/div>\n\t\t\t\t<section class=\"elementor-section elementor-inner-section elementor-element elementor-element-9c67b67 elementor-section-boxed elementor-section-height-default elementor-section-height-default\" data-id=\"9c67b67\" data-element_type=\"section\">\n\t\t\t\t\t\t<div class=\"elementor-container elementor-column-gap-default\">\n\t\t\t\t\t<div class=\"elementor-column elementor-col-50 elementor-inner-column elementor-element elementor-element-46e5135\" data-id=\"46e5135\" data-element_type=\"column\">\n\t\t\t<div class=\"elementor-widget-wrap elementor-element-populated\">\n\t\t\t\t\t\t<div class=\"elementor-element elementor-element-d7dae8d elementor-widget elementor-widget-image\" data-id=\"d7dae8d\" data-element_type=\"widget\" data-widget_type=\"image.default\">\n\t\t\t\t<div class=\"elementor-widget-container\">\n\t\t\t\t\t\t\t\t\t\t\t\t\t\t\t<img loading=\"lazy\" decoding=\"async\" width=\"800\" height=\"800\" src=\"https:\/\/www.ekia-cosmetiques.com\/marque\/wp-content\/uploads\/2021\/03\/SR-miroir-carre-1200x1200-1-1024x1024.jpg\" class=\"attachment-large size-large wp-image-10321\" alt=\"s\u00e9rum r\u00e9g\u00e9n\u00e9rant\" srcset=\"https:\/\/www.ekia-cosmetiques.com\/marque\/wp-content\/uploads\/2021\/03\/SR-miroir-carre-1200x1200-1-1024x1024.jpg 1024w, https:\/\/www.ekia-cosmetiques.com\/marque\/wp-content\/uploads\/2021\/03\/SR-miroir-carre-1200x1200-1-300x300.jpg 300w, https:\/\/www.ekia-cosmetiques.com\/marque\/wp-content\/uploads\/2021\/03\/SR-miroir-carre-1200x1200-1-150x150.jpg 150w, https:\/\/www.ekia-cosmetiques.com\/marque\/wp-content\/uploads\/2021\/03\/SR-miroir-carre-1200x1200-1-768x768.jpg 768w, https:\/\/www.ekia-cosmetiques.com\/marque\/wp-content\/uploads\/2021\/03\/SR-miroir-carre-1200x1200-1.jpg 1200w\" sizes=\"(max-width: 800px) 100vw, 800px\" \/>\t\t\t\t\t\t\t\t\t\t\t\t\t\t\t<\/div>\n\t\t\t\t<\/div>\n\t\t\t\t\t<\/div>\n\t\t<\/div>\n\t\t\t\t<div class=\"elementor-column elementor-col-50 elementor-inner-column elementor-element elementor-element-f939c84\" data-id=\"f939c84\" data-element_type=\"column\">\n\t\t\t<div class=\"elementor-widget-wrap elementor-element-populated\">\n\t\t\t\t\t\t<div class=\"elementor-element elementor-element-3863322 elementor-widget elementor-widget-text-editor\" data-id=\"3863322\" data-element_type=\"widget\" data-widget_type=\"text-editor.default\">\n\t\t\t\t<div class=\"elementor-widget-container\">\n\t\t\t\t\t\t\t\t\t<p>Pour en finir avec les tiraillements, l&rsquo;inconfort et les picotements, EKIA a d\u00e9velopp\u00e9 le tout nouveau <b>S\u00e9rum R\u00e9g\u00e9n\u00e9rant, Ol\u00e9o Elixir Haute Nutrition et Apaisement<\/b>.<\/p><p>Sa formulation, \u00e9labor\u00e9e autour des formidables propri\u00e9t\u00e9s relipidantes de <u><b>la Sacha <\/b><\/u><u><b>Inchi<\/b><\/u>, est 100 % naturelle et 98% bio, et n\u2019int\u00e8gre aucune mati\u00e8re d\u2019origine animale.<\/p><p>Ce soin ultra r\u00e9confortant et cocooning est r\u00e9parateur, apaisant et hautement nourrissant. \u00a0Sa texture exceptionnelle au fini non gras et son envo\u00fbtante odeur naturelle, alli\u00e9e \u00e0 une tol\u00e9rance maximale gr\u00e2ce \u00e0 l\u2019absence de conservateur, fera le bonheur des peaux fragiles et s\u00e8ches.\u00a0<\/p><p style=\"text-align: center;\"><b>Quand efficacit\u00e9 rime avec naturalit\u00e9 et sensorialit\u00e9.<\/b><\/p>\t\t\t\t\t\t\t\t<\/div>\n\t\t\t\t<\/div>\n\t\t\t\t\t<\/div>\n\t\t<\/div>\n\t\t\t\t\t<\/div>\n\t\t<\/section>\n\t\t\t\t<div class=\"elementor-element elementor-element-1849c96 elementor-widget elementor-widget-spacer\" data-id=\"1849c96\" data-element_type=\"widget\" data-widget_type=\"spacer.default\">\n\t\t\t\t<div class=\"elementor-widget-container\">\n\t\t\t\t\t\t\t<div class=\"elementor-spacer\">\n\t\t\t<div class=\"elementor-spacer-inner\"><\/div>\n\t\t<\/div>\n\t\t\t\t\t\t<\/div>\n\t\t\t\t<\/div>\n\t\t\t\t<div class=\"elementor-element elementor-element-819e501 elementor-widget elementor-widget-video\" data-id=\"819e501\" data-element_type=\"widget\" data-settings=\"{&quot;youtube_url&quot;:&quot;https:\\\/\\\/youtu.be\\\/oAha8tUuLyc&quot;,&quot;video_type&quot;:&quot;youtube&quot;,&quot;controls&quot;:&quot;yes&quot;}\" data-widget_type=\"video.default\">\n\t\t\t\t<div class=\"elementor-widget-container\">\n\t\t\t\t\t\t\t<div class=\"elementor-wrapper elementor-open-inline\">\n\t\t\t<div class=\"elementor-video\"><\/div>\t\t<\/div>\n\t\t\t\t\t\t<\/div>\n\t\t\t\t<\/div>\n\t\t\t\t<div class=\"elementor-element elementor-element-b6e884d elementor-widget-divider--view-line elementor-widget elementor-widget-divider\" data-id=\"b6e884d\" data-element_type=\"widget\" data-widget_type=\"divider.default\">\n\t\t\t\t<div class=\"elementor-widget-container\">\n\t\t\t\t\t\t\t<div class=\"elementor-divider\">\n\t\t\t<span class=\"elementor-divider-separator\">\n\t\t\t\t\t\t<\/span>\n\t\t<\/div>\n\t\t\t\t\t\t<\/div>\n\t\t\t\t<\/div>\n\t\t\t\t\t<\/div>\n\t\t<\/div>\n\t\t\t\t\t<\/div>\n\t\t<\/section>\n\t\t\t\t<section class=\"elementor-section elementor-top-section elementor-element elementor-element-da3ff2d elementor-section-boxed elementor-section-height-default elementor-section-height-default\" data-id=\"da3ff2d\" data-element_type=\"section\">\n\t\t\t\t\t\t<div class=\"elementor-container elementor-column-gap-default\">\n\t\t\t\t\t<div class=\"elementor-column elementor-col-100 elementor-top-column elementor-element elementor-element-731ff63\" data-id=\"731ff63\" data-element_type=\"column\">\n\t\t\t<div class=\"elementor-widget-wrap elementor-element-populated\">\n\t\t\t\t\t\t<div class=\"elementor-element elementor-element-ddca8c6 elementor-widget elementor-widget-heading\" data-id=\"ddca8c6\" data-element_type=\"widget\" data-widget_type=\"heading.default\">\n\t\t\t\t<div class=\"elementor-widget-container\">\n\t\t\t\t\t<h2 class=\"elementor-heading-title elementor-size-default\">Retrouvez notre nouveau S\u00e9rum R\u00e9g\u00e9n\u00e9rant :<\/h2>\t\t\t\t<\/div>\n\t\t\t\t<\/div>\n\t\t\t\t\t<\/div>\n\t\t<\/div>\n\t\t\t\t\t<\/div>\n\t\t<\/section>\n\t\t\t\t<section class=\"elementor-section elementor-top-section elementor-element elementor-element-8385ba7 elementor-section-boxed elementor-section-height-default elementor-section-height-default\" data-id=\"8385ba7\" data-element_type=\"section\">\n\t\t\t\t\t\t<div class=\"elementor-container elementor-column-gap-default\">\n\t\t\t\t\t<div class=\"elementor-column elementor-col-100 elementor-top-column elementor-element elementor-element-8ec03cd\" data-id=\"8ec03cd\" data-element_type=\"column\">\n\t\t\t<div class=\"elementor-widget-wrap elementor-element-populated\">\n\t\t\t\t\t\t<div class=\"elementor-element elementor-element-eefbd1c elementor-cta--skin-classic elementor-animated-content elementor-bg-transform elementor-bg-transform-zoom-in elementor-widget elementor-widget-call-to-action\" data-id=\"eefbd1c\" data-element_type=\"widget\" data-widget_type=\"call-to-action.default\">\n\t\t\t\t<div class=\"elementor-widget-container\">\n\t\t\t\t\t\t\t<div class=\"elementor-cta\">\n\t\t\t\t\t<div class=\"elementor-cta__bg-wrapper\">\n\t\t\t\t<div class=\"elementor-cta__bg elementor-bg\" style=\"background-image: url(https:\/\/www.ekia-cosmetiques.com\/marque\/wp-content\/uploads\/2021\/03\/Ekia-Serum-Regenerant-1024x1024.jpg);\" role=\"img\" aria-label=\"Ekia - Serum R\u00e9g\u00e9n\u00e9rant\"><\/div>\n\t\t\t\t<div class=\"elementor-cta__bg-overlay\"><\/div>\n\t\t\t<\/div>\n\t\t\t\t\t\t\t<div class=\"elementor-cta__content\">\n\t\t\t\t\n\t\t\t\t\t\t\t\t\t<h2 class=\"elementor-cta__title elementor-cta__content-item elementor-content-item\">\n\t\t\t\t\t\tS\u00c9RUM R\u00c9G\u00c9N\u00c9RANT\t\t\t\t\t<\/h2>\n\t\t\t\t\n\t\t\t\t\t\t\t\t\t<div class=\"elementor-cta__description elementor-cta__content-item elementor-content-item\">\n\t\t\t\t\t\tOLEO ELIXIR \t\t\t\t\t<\/div>\n\t\t\t\t\n\t\t\t\t\t\t\t\t\t<div class=\"elementor-cta__button-wrapper elementor-cta__content-item elementor-content-item \">\n\t\t\t\t\t<a class=\"elementor-cta__button elementor-button elementor-size-\" href=\"https:\/\/www.ekia-cosmetiques.com\/fr\/78-113-serum-regenerant.html#\/27-contenance-30_ml\">\n\t\t\t\t\t\tD\u00e9couvrir\t\t\t\t\t<\/a>\n\t\t\t\t\t<\/div>\n\t\t\t\t\t\t\t<\/div>\n\t\t\t\t\t\t<\/div>\n\t\t\t\t\t\t<\/div>\n\t\t\t\t<\/div>\n\t\t\t\t<div class=\"elementor-element elementor-element-e3fa9f0 elementor-widget elementor-widget-spacer\" data-id=\"e3fa9f0\" data-element_type=\"widget\" data-widget_type=\"spacer.default\">\n\t\t\t\t<div class=\"elementor-widget-container\">\n\t\t\t\t\t\t\t<div class=\"elementor-spacer\">\n\t\t\t<div class=\"elementor-spacer-inner\"><\/div>\n\t\t<\/div>\n\t\t\t\t\t\t<\/div>\n\t\t\t\t<\/div>\n\t\t\t\t\t<\/div>\n\t\t<\/div>\n\t\t\t\t\t<\/div>\n\t\t<\/section>\n\t\t\t\t<\/div>\n\t\t","protected":false},"excerpt":{"rendered":"<p>Quels sont les sympt\u00f4mes d\u2019une peau s\u00e8che? Tiraillements et inconforts, picotements, desquamations, besoin de remettre de la cr\u00e8me en cours de journ\u00e9e, parfois m\u00eame des rougeurs. C\u2019est une pr\u00e9occupation qui concerne plus de 40% des femmes europ\u00e9ennes, en particulier en Europe du Nord et qui s\u2019aggrave avec l\u2019\u00e2ge (90% des femmes de plus 50 ans [&hellip;]<\/p>\n","protected":false},"author":4,"featured_media":10309,"comment_status":"open","ping_status":"open","sticky":false,"template":"","format":"standard","meta":{"_acf_changed":false,"_seopress_robots_primary_cat":"none","_seopress_titles_title":"La peau s\u00e8che, un \u00e9piderme en souffrance","_seopress_titles_desc":"D\u00e9couvrez quels sont les sympt\u00f4mes et les causes d&#039;une peau d\u00e9shydrater. Apprenez \u00e0 faire la diff\u00e9rence entre d\u00e9shydratation et s\u00e9cheresse.","_seopress_robots_index":"","footnotes":""},"categories":[7],"tags":[],"class_list":["post-10192","post","type-post","status-publish","format-standard","has-post-thumbnail","hentry","category-beaute-au-quotidien"],"acf":[],"_links":{"self":[{"href":"https:\/\/www.ekia-cosmetiques.com\/marque\/wp-json\/wp\/v2\/posts\/10192","targetHints":{"allow":["GET"]}}],"collection":[{"href":"https:\/\/www.ekia-cosmetiques.com\/marque\/wp-json\/wp\/v2\/posts"}],"about":[{"href":"https:\/\/www.ekia-cosmetiques.com\/marque\/wp-json\/wp\/v2\/types\/post"}],"author":[{"embeddable":true,"href":"https:\/\/www.ekia-cosmetiques.com\/marque\/wp-json\/wp\/v2\/users\/4"}],"replies":[{"embeddable":true,"href":"https:\/\/www.ekia-cosmetiques.com\/marque\/wp-json\/wp\/v2\/comments?post=10192"}],"version-history":[{"count":5,"href":"https:\/\/www.ekia-cosmetiques.com\/marque\/wp-json\/wp\/v2\/posts\/10192\/revisions"}],"predecessor-version":[{"id":10374,"href":"https:\/\/www.ekia-cosmetiques.com\/marque\/wp-json\/wp\/v2\/posts\/10192\/revisions\/10374"}],"wp:featuredmedia":[{"embeddable":true,"href":"https:\/\/www.ekia-cosmetiques.com\/marque\/wp-json\/wp\/v2\/media\/10309"}],"wp:attachment":[{"href":"https:\/\/www.ekia-cosmetiques.com\/marque\/wp-json\/wp\/v2\/media?parent=10192"}],"wp:term":[{"taxonomy":"category","embeddable":true,"href":"https:\/\/www.ekia-cosmetiques.com\/marque\/wp-json\/wp\/v2\/categories?post=10192"},{"taxonomy":"post_tag","embeddable":true,"href":"https:\/\/www.ekia-cosmetiques.com\/marque\/wp-json\/wp\/v2\/tags?post=10192"}],"curies":[{"name":"wp","href":"https:\/\/api.w.org\/{rel}","templated":true}]}}